{"id":264856,"date":"2026-08-28T11:52:20","date_gmt":"2026-08-28T18:52:20","guid":{"rendered":"https:\/\/worldimagingnewslatino.com\/?p=264856"},"modified":"2026-09-02T12:20:39","modified_gmt":"2026-09-02T19:20:39","slug":"epson-celebra-el-25-aniversario-de-la-exposicion-fotografica-america-in-detail","status":"publish","type":"post","link":"https:\/\/worldimagingnewslatino.com\/pt\/epson-celebra-el-25-aniversario-de-la-exposicion-fotografica-america-in-detail\/","title":{"rendered":"Epson Celebra el 25\u00b0 Aniversario de la Exposici\u00f3n Fotogr\u00e1fica &#8220;America in Detail&#8221;"},"content":{"rendered":"<div class=\"container\">\n<div id=\"model-response-message-contentr_43bed9e7ab48e787\" class=\"markdown markdown-main-panel md-content enable-luminous-fast-follows enable-updated-hr-color stronger tutor-markdown-rendering\" dir=\"ltr\" aria-busy=\"false\" aria-live=\"polite\">\n<h6 data-path-to-node=\"0\"><em><strong><a href=\"https:\/\/worldimagingnews.com\/epson-to-showcase-latest-professional-imaging-print-solutions-at-isa-sign-expo-2024\/\" target=\"_blank\" rel=\"noopener\">Epson<\/a> reflexiona sobre el 250\u00b0 aniversario de EE. UU. con la innovadora exposici\u00f3n &#8220;America in Detail&#8221; del aclamado fot\u00f3grafo Stephen Wilkes <\/strong><\/em><\/h6>\n<p data-path-to-node=\"0\"><strong>LOS ALAMITOS | California \u2013 Agosto de 2026 \u2013<\/strong> Mientras Estados Unidos celebra su 250\u00b0 aniversario, <a href=\"https:\/\/worldimagingnews.com\/epson-to-showcase-latest-professional-imaging-print-solutions-at-isa-sign-expo-2024\/\" target=\"_blank\" rel=\"noopener\"><strong>Epson<\/strong><\/a> reflexiona sobre el hito del 25\u00b0 aniversario de la innovadora exposici\u00f3n &#8220;America in Detail&#8221; del aclamado fot\u00f3grafo Stephen Wilkes, la cual ayud\u00f3 a redefinir lo que era posible en la <a href=\"https:\/\/worldimagingnews.com\/epson-to-showcase-latest-professional-imaging-print-solutions-at-isa-sign-expo-2024\/\" target=\"_blank\" rel=\"noopener\"><strong>Impresi\u00f3n Fotogr\u00e1fica Profesional<\/strong><\/a>. Creada para capturar la belleza y la complejidad de Estados Unidos en un momento \u00fanico de la historia, la exposici\u00f3n brind\u00f3 al p\u00fablico una nueva forma de experimentar el pa\u00eds y demostr\u00f3 c\u00f3mo los avances en la imagen digital pod\u00edan expandir las posibilidades de la fotograf\u00eda de bellas artes.<\/p>\n<p data-path-to-node=\"0\">Las emblem\u00e1ticas exposiciones &#8220;America in Detail&#8221; fueron posibles gracias a la innovadora tecnolog\u00eda de imagen de Epson, que hace 25 a\u00f1os ayud\u00f3 a liderar la transici\u00f3n del cuarto oscuro a los flujos de trabajo digitales, deslumbrando a la industria con sus revolucionarias tintas pigmentadas de archivo y la tecnolog\u00eda de cabezal de impresi\u00f3n MicroPiezo\u00ae. Como record\u00f3 Wilkes: &#8220;Los fot\u00f3grafos ven\u00edan con sus lupas, esperando encontrar defectos en las impresiones. En cambio, todos se quedaron sin palabras porque nunca antes hab\u00edan visto impresiones de inyecci\u00f3n de tinta con este nivel de calidad&#8221;.<\/p>\n<p data-path-to-node=\"0\">Hoy en d\u00eda, Epson celebra los continuos avances de la impresi\u00f3n fotogr\u00e1fica de bellas artes y el 25\u00b0 aniversario de las exposiciones con una mirada retrospectiva a algunas de las im\u00e1genes favoritas de Wilkes del espect\u00e1culo, junto con su trabajo m\u00e1s reciente para la campa\u00f1a &#8220;The Print is Why&#8221; de Epson y su pr\u00f3ximo libro de im\u00e1genes ic\u00f3nicas de Estados Unidos a lo largo de los a\u00f1os.<\/p>\n<p data-path-to-node=\"0\">Para conmemorar este aniversario hist\u00f3rico, una exposici\u00f3n de &#8220;America in Detail&#8221; estar\u00e1 en exhibici\u00f3n del 17 al 31 de octubre en la Galer\u00eda <strong>Holden Luntz en Palm Beach, Florida.<\/strong> Las extraordinarias fotograf\u00edas capturadas hace 25 a\u00f1os se imprimir\u00e1n con la \u00faltima generaci\u00f3n de impresoras de imagen profesional <strong>Epson SureColor\u00ae<\/strong>.<\/p>\n<p data-path-to-node=\"0\"><strong>Un Retrato de Estados Unidos \u2013 Marcando el Comienzo de una Nueva Era de Impresi\u00f3n <\/strong><\/p>\n<p data-path-to-node=\"0\">Para &#8220;America in Detail&#8221;, Wilkes se embarc\u00f3 en una expedici\u00f3n de 52 d\u00edas a trav\u00e9s de los Estados Unidos con la misi\u00f3n de capturar el coraz\u00f3n de Am\u00e9rica al comienzo de un nuevo siglo. Convirti\u00e9ndose en una de las empresas fotogr\u00e1ficas m\u00e1s significativas de su era, el proyecto de Wilkes dio como resultado las ic\u00f3nicas fotograf\u00edas &#8220;Tuskegee Airman&#8221;, &#8220;Field of Dreams&#8221; y &#8220;Glacier&#8221;, todas las cuales fueron impresas en las revolucionarias impresoras de inyecci\u00f3n de tinta Epson.<\/p>\n<p data-path-to-node=\"0\">&#8220;Cuando me encargaron fotografiar Estados Unidos en el a\u00f1o 2000, quer\u00eda ir m\u00e1s all\u00e1 de lo obvio y encontrar el coraz\u00f3n de este pa\u00eds en sus detalles. Cada imagen era una conversaci\u00f3n&#8221;, record\u00f3 Wilkes. &#8220;Mientras fotografiaba al aviador de Tuskegee, Allie Peak, en el D\u00eda de los Ca\u00eddos, recuerdo haber visto el orgullo que sent\u00eda mientras miraba hacia la bandera estadounidense que se reflejaba en su ojo. Esos son momentos que trascienden la fotograf\u00eda de una manera que puedes sentir&#8221;.<\/p>\n<p data-path-to-node=\"0\"><strong>25 A\u00f1os Despu\u00e9s \u2013 Por qu\u00e9 la Impresi\u00f3n Importa M\u00e1s que Nunca <\/strong><\/p>\n<p data-path-to-node=\"0\">Los fot\u00f3grafos profesionales a menudo citan las exposiciones de &#8220;America in Detail&#8221; como un punto de inflexi\u00f3n en la historia fotogr\u00e1fica desde el cuarto oscuro tradicional hasta los omnipresentes flujos de trabajo digitales que se utilizan hoy en d\u00eda. La campa\u00f1a &#8220;The Print is Why&#8221; de Epson celebra tanto a los fot\u00f3grafos profesionales como la importancia duradera de la impresi\u00f3n fotogr\u00e1fica.<\/p>\n<p data-path-to-node=\"0\">&#8220;En el momento de &#8216;America in Detail&#8217;, la mayor\u00eda de los fot\u00f3grafos no ten\u00edan idea de qu\u00e9 era una impresora de inyecci\u00f3n de tinta. La impresi\u00f3n digital estaba en las primeras etapas de desarrollo y fue emocionante ver las reacciones a esas impresiones de inyecci\u00f3n de tinta a gran escala con niveles inauditos de detalle y permanencia&#8221;, dijo Wilkes. &#8220;Si bien hoy existen nuevas tecnolog\u00edas de visualizaci\u00f3n, la impresi\u00f3n sigue siendo el elemento m\u00e1s importante de lo que creo&#8221;.<\/p>\n<p data-path-to-node=\"0\">Durante los \u00faltimos 25 a\u00f1os, Epson ha continuado avanzando en su <a href=\"https:\/\/worldimagingnews.com\/epson-to-showcase-advanced-wide-format-and-on-demand-printing-solutions-at-isa-sign-expo-\" target=\"_blank\" rel=\"noopener\"><strong>tecnolog\u00eda de impresi\u00f3n<\/strong> <\/a>de inyecci\u00f3n de tinta, reforzando su respaldo de larga trayectoria a los fot\u00f3grafos y laboratorios. &#8220;Una cosa que siempre me ha impresionado de trabajar con Epson es que siempre est\u00e1n superando los l\u00edmites. Nadie da un paso atr\u00e1s diciendo &#8216;esto es lo suficientemente bueno&#8217;. Yo no soy un tipo de &#8216;suficientemente bueno&#8217; \u2013 siempre me interesa hacer avanzar la tecnolog\u00eda y disfruto colaborando con empresas que corren en paralelo conmigo, no detr\u00e1s de m\u00ed&#8221;, comparti\u00f3 Wilkes.<\/p>\n<p data-path-to-node=\"0\">Hoy en d\u00eda, Epson ofrece una l\u00ednea completa de impresoras SureColor Serie P para profesionales creativos que buscan producir impresiones de extraordinaria alta calidad. Con una gama de colores ampliada, rica densidad de negro en medios fotogr\u00e1ficos y de bellas artes, y una permanencia de impresi\u00f3n incomparable, Epson permite a los artistas producir impresiones tal como las concibieron.<\/p>\n<p data-path-to-node=\"0\">&#8220;Ha sido un honor trabajar junto a los mejores fot\u00f3grafos del mundo y ser un recurso de confianza para ellos durante m\u00e1s de dos d\u00e9cadas&#8221;, dijo Andreas Goehring, director de Imagen Profesional de Epson America. &#8220;Durante m\u00e1s de 25 a\u00f1os, nuestro objetivo ha sido hacer avanzar la tecnolog\u00eda para que se vuelva pr\u00e1cticamente invisible, permitiendo a los fot\u00f3grafos superar los l\u00edmites creativos y crear impresiones que cautiven e inspiren&#8221;. Un video que celebra el 25\u00b0 aniversario de &#8220;America in Detail&#8221; ya est\u00e1 disponible: <a href=\"https:\/\/youtu.be\/REnuAemNjU4.\" target=\"_blank\" rel=\"noopener\"><strong>Click Here. <\/strong><\/a><\/p>\n<p data-path-to-node=\"0\"><strong><a class=\"ng-star-inserted\" href=\"http:\/\/www.epson.com\/\" target=\"_blank\" rel=\"noopener\">www.epson.com<\/a><\/strong><\/p>\n<p data-path-to-node=\"0\"><a href=\"https:\/\/worldimagingnews.com\/epson-celebrates-25th-anniversary-of-america-in-detail-photography-exhibition\/\" target=\"_blank\" rel=\"noopener\"><strong>Not\u00edcias sobre imagens do mundo latino<\/strong><\/a><\/p>\n<\/div>\n<\/div>","protected":false},"excerpt":{"rendered":"<p>Epson reflexiona sobre el 250\u00b0 aniversario de EE. UU. con la innovadora exposici\u00f3n &#8220;America in Detail&#8221; del aclamado fot\u00f3grafo Stephen Wilkes LOS ALAMITOS | California \u2013 Agosto de 2026 \u2013&hellip;<\/p>","protected":false},"author":2,"featured_media":264858,"comment_status":"open","ping_status":"open","sticky":false,"template":"","format":"standard","meta":{"_lmt_disableupdate":"no","_lmt_disable":"","cybocfi_hide_featured_image":"","iawp_total_views":1,"footnotes":""},"categories":[607],"tags":[203,1350],"class_list":["post-264856","post","type-post","status-publish","format-standard","has-post-thumbnail","hentry","category-trade-shows","tag-epson","tag-epson-america"],"_links":{"self":[{"href":"https:\/\/worldimagingnewslatino.com\/pt\/wp-json\/wp\/v2\/posts\/264856","targetHints":{"allow":["GET"]}}],"collection":[{"href":"https:\/\/worldimagingnewslatino.com\/pt\/wp-json\/wp\/v2\/posts"}],"about":[{"href":"https:\/\/worldimagingnewslatino.com\/pt\/wp-json\/wp\/v2\/types\/post"}],"author":[{"embeddable":true,"href":"https:\/\/worldimagingnewslatino.com\/pt\/wp-json\/wp\/v2\/users\/2"}],"replies":[{"embeddable":true,"href":"https:\/\/worldimagingnewslatino.com\/pt\/wp-json\/wp\/v2\/comments?post=264856"}],"version-history":[{"count":3,"href":"https:\/\/worldimagingnewslatino.com\/pt\/wp-json\/wp\/v2\/posts\/264856\/revisions"}],"predecessor-version":[{"id":264866,"href":"https:\/\/worldimagingnewslatino.com\/pt\/wp-json\/wp\/v2\/posts\/264856\/revisions\/264866"}],"wp:featuredmedia":[{"embeddable":true,"href":"https:\/\/worldimagingnewslatino.com\/pt\/wp-json\/wp\/v2\/media\/264858"}],"wp:attachment":[{"href":"https:\/\/worldimagingnewslatino.com\/pt\/wp-json\/wp\/v2\/media?parent=264856"}],"wp:term":[{"taxonomy":"category","embeddable":true,"href":"https:\/\/worldimagingnewslatino.com\/pt\/wp-json\/wp\/v2\/categories?post=264856"},{"taxonomy":"post_tag","embeddable":true,"href":"https:\/\/worldimagingnewslatino.com\/pt\/wp-json\/wp\/v2\/tags?post=264856"}],"curies":[{"name":"wp","href":"https:\/\/api.w.org\/{rel}","templated":true}]}}