{"id":263651,"date":"2025-12-08T14:06:09","date_gmt":"2025-12-08T22:06:09","guid":{"rendered":"https:\/\/worldimagingnewslatino.com\/?p=263651"},"modified":"2025-12-08T14:06:09","modified_gmt":"2025-12-08T22:06:09","slug":"los-aranceles-estan-afectando-a-los-impresores-y-la-corte-suprema-podria-cambiarlo-todo","status":"publish","type":"post","link":"https:\/\/worldimagingnewslatino.com\/pt\/los-aranceles-estan-afectando-a-los-impresores-y-la-corte-suprema-podria-cambiarlo-todo\/","title":{"rendered":"Los aranceles est\u00e1n afectando a los impresores \u2014 y la Corte Suprema podr\u00eda cambiarlo todo"},"content":{"rendered":"<article class=\"text-token-text-primary w-full focus:outline-none [--shadow-height:45px] has-data-writing-block:pointer-events-none has-data-writing-block:-mt-(--shadow-height) has-data-writing-block:pt-(--shadow-height) [&amp;:has([data-writing-block])&gt;*]:pointer-events-auto [content-visibility:auto] supports-[content-visibility:auto]:[contain-intrinsic-size:auto_100lvh] scroll-mt-[calc(var(--header-height)+min(200px,max(70px,20svh)))]\" dir=\"auto\" tabindex=\"-1\" data-turn-id=\"2d5e3c19-4bc2-4cf2-b108-9b1142ea6af4\" data-testid=\"conversation-turn-2\" data-scroll-anchor=\"true\" data-turn=\"assistant\">\n<div class=\"text-base my-auto mx-auto pb-10 [--thread-content-margin:--spacing(4)] thread-sm:[--thread-content-margin:--spacing(6)] thread-lg:[--thread-content-margin:--spacing(16)] px-(--thread-content-margin)\">\n<div class=\"[--thread-content-max-width:40rem] thread-lg:[--thread-content-max-width:48rem] mx-auto max-w-(--thread-content-max-width) flex-1 group\/turn-messages focus-visible:outline-hidden relative flex w-full min-w-0 flex-col agent-turn\" tabindex=\"-1\">\n<div class=\"flex max-w-full flex-col grow\">\n<div class=\"min-h-8 text-message relative flex w-full flex-col items-end gap-2 text-start break-words whitespace-normal [.text-message+&amp;]:mt-1\" dir=\"auto\" data-message-author-role=\"assistant\" data-message-id=\"b4ddbe08-dacb-471c-8137-c3ebbff9ccfe\" data-message-model-slug=\"gpt-5\">\n<div class=\"flex w-full flex-col gap-1 empty:hidden first:pt-[1px]\">\n<div class=\"markdown prose dark:prose-invert w-full break-words dark markdown-new-styling\">\n<h6 class=\"sr-only\">ChatGPT said:<\/h6>\n<div class=\"text-base my-auto mx-auto pb-10 [--thread-content-margin:--spacing(4)] thread-sm:[--thread-content-margin:--spacing(6)] thread-lg:[--thread-content-margin:--spacing(16)] px-(--thread-content-margin)\">\n<div class=\"[--thread-content-max-width:40rem] thread-lg:[--thread-content-max-width:48rem] mx-auto max-w-(--thread-content-max-width) flex-1 group\/turn-messages focus-visible:outline-hidden relative flex w-full min-w-0 flex-col agent-turn\" tabindex=\"-1\">\n<div class=\"flex max-w-full flex-col grow\">\n<div class=\"min-h-8 text-message relative flex w-full flex-col items-end gap-2 text-start break-words whitespace-normal [.text-message+&amp;]:mt-1\" dir=\"auto\" data-message-author-role=\"assistant\" data-message-id=\"dc998ae5-53fb-42a9-bf14-a2d0cd243c46\" data-message-model-slug=\"gpt-5\">\n<div class=\"flex w-full flex-col gap-1 empty:hidden first:pt-[1px]\">\n<div class=\"markdown prose dark:prose-invert w-full break-words dark markdown-new-styling\">\n<p data-start=\"0\" data-end=\"725\">La industria de la impresi\u00f3n contin\u00faa adapt\u00e1ndose a las cambiantes condiciones econ\u00f3micas y comerciales. Durante el Media Day previo a Printing United Expo, los analistas<strong> Nathan Safran <\/strong>y <strong>Lisa Cross<\/strong> compartieron nuevos datos que muestran que el 90% de las empresas de impresi\u00f3n se han visto afectadas por los aranceles este a\u00f1o. Estas medidas comerciales est\u00e1n modificando las estrategias de precios, abastecimiento y cadena de suministro en todo el sector. Aunque el 52% de las compa\u00f1\u00edas afirma haber retrasado o reducido sus inversiones de capital debido a la incertidumbre, muchas est\u00e1n respondiendo mediante el fortalecimiento de sus operaciones, la diversificaci\u00f3n de proveedores y la inversi\u00f3n en eficiencia de procesos.<\/p>\n<p data-start=\"727\" data-end=\"1444\">Las cifras ilustran tanto los desaf\u00edos como los ajustes en marcha. El 65% de los impresores reporta incrementos en los costos operativos, el 49.5% ha experimentado m\u00e1rgenes de ganancia m\u00e1s reducidos y el 38.8% se\u00f1ala interrupciones continuas en la cadena de suministro. Para gestionar estas presiones, las empresas est\u00e1n adoptando un enfoque equilibrado: el 42.7% de los costos derivados de los aranceles se est\u00e1 trasladando mediante ajustes de precios, el 22.3% se compensa con mejoras de productividad y el 35% se absorbe de manera estrat\u00e9gica para mantener la posici\u00f3n en el mercado. Estas respuestas reflejan un enfoque deliberado en la estabilidad y la retenci\u00f3n de clientes en un entorno de pol\u00edticas inciertas.<\/p>\n<p data-start=\"1446\" data-end=\"2011\">Tambi\u00e9n podr\u00edan avecinarse cambios en el \u00e1mbito regulatorio. La Corte Suprema de Estados Unidos escuch\u00f3 recientemente los argumentos de un caso que podr\u00eda determinar la legalidad de las pol\u00edticas arancelarias actuales, una decisi\u00f3n que podr\u00eda redefinir las expectativas comerciales para fabricantes y proveedores. A medida que avanza Printing United Expo 2025, el tono predominante es de optimismo cauteloso: se reconocen los desaf\u00edos persistentes, pero tambi\u00e9n la capacidad de la industria para ajustarse, mantenerse competitiva y avanzar con una confianza medida.<\/p>\n<p data-start=\"2013\" data-end=\"2256\" data-is-last-node=\"\" data-is-only-node=\"\">Conclusi\u00f3n: La industria de la impresi\u00f3n est\u00e1 afrontando los desaf\u00edos de los aranceles con un enfoque estable y pragm\u00e1tico, equilibrando la gesti\u00f3n de costos con la innovaci\u00f3n mientras espera una posible claridad por parte de la Corte Suprema.<br \/>\n<strong><a href=\"https:\/\/worldimagingnews.com\/tariffs-are-impacting-printers-and-the-supreme-court-could-change-everything\/\" target=\"_blank\" rel=\"noopener\">World Imaging News<\/a><\/strong><\/p>\n<\/div>\n<\/div>\n<\/div>\n<\/div>\n<\/div>\n<\/div>\n<\/div>\n<\/div>\n<\/div>\n<\/div>\n<\/div>\n<\/div>\n<\/article>\n<p class=\"sr-only\">ChatGPT said:<span style=\"font-family: 'PT Serif', serif;\">que realmente empodera a nuestros clientes.\u201d<\/span><\/p>\n","protected":false},"excerpt":{"rendered":"<p>ChatGPT said: La industria de la impresi\u00f3n contin\u00faa adapt\u00e1ndose a las cambiantes condiciones econ\u00f3micas y comerciales. Durante el Media Day previo a Printing United Expo, los analistas Nathan Safran y&hellip;<\/p>","protected":false},"author":2,"featured_media":263652,"comment_status":"open","ping_status":"open","sticky":false,"template":"","format":"standard","meta":{"_lmt_disableupdate":"no","_lmt_disable":"","cybocfi_hide_featured_image":"","footnotes":""},"categories":[838],"tags":[981],"class_list":["post-263651","post","type-post","status-publish","format-standard","has-post-thumbnail","hentry","category-blog-2","tag-tariffs"],"_links":{"self":[{"href":"https:\/\/worldimagingnewslatino.com\/pt\/wp-json\/wp\/v2\/posts\/263651"}],"collection":[{"href":"https:\/\/worldimagingnewslatino.com\/pt\/wp-json\/wp\/v2\/posts"}],"about":[{"href":"https:\/\/worldimagingnewslatino.com\/pt\/wp-json\/wp\/v2\/types\/post"}],"author":[{"embeddable":true,"href":"https:\/\/worldimagingnewslatino.com\/pt\/wp-json\/wp\/v2\/users\/2"}],"replies":[{"embeddable":true,"href":"https:\/\/worldimagingnewslatino.com\/pt\/wp-json\/wp\/v2\/comments?post=263651"}],"version-history":[{"count":1,"href":"https:\/\/worldimagingnewslatino.com\/pt\/wp-json\/wp\/v2\/posts\/263651\/revisions"}],"predecessor-version":[{"id":263653,"href":"https:\/\/worldimagingnewslatino.com\/pt\/wp-json\/wp\/v2\/posts\/263651\/revisions\/263653"}],"wp:featuredmedia":[{"embeddable":true,"href":"https:\/\/worldimagingnewslatino.com\/pt\/wp-json\/wp\/v2\/media\/263652"}],"wp:attachment":[{"href":"https:\/\/worldimagingnewslatino.com\/pt\/wp-json\/wp\/v2\/media?parent=263651"}],"wp:term":[{"taxonomy":"category","embeddable":true,"href":"https:\/\/worldimagingnewslatino.com\/pt\/wp-json\/wp\/v2\/categories?post=263651"},{"taxonomy":"post_tag","embeddable":true,"href":"https:\/\/worldimagingnewslatino.com\/pt\/wp-json\/wp\/v2\/tags?post=263651"}],"curies":[{"name":"wp","href":"https:\/\/api.w.org\/{rel}","templated":true}]}}