{"id":263407,"date":"2025-09-06T11:09:12","date_gmt":"2025-09-06T18:09:12","guid":{"rendered":"https:\/\/worldimagingnewslatino.com\/?p=263407"},"modified":"2025-09-06T11:09:12","modified_gmt":"2025-09-06T18:09:12","slug":"celupal-y-summa-anuncian-alianza-comercial-en-mexico-y-presentan-el-f1612-en-fespa","status":"publish","type":"post","link":"https:\/\/worldimagingnewslatino.com\/pt\/celupal-y-summa-anuncian-alianza-comercial-en-mexico-y-presentan-el-f1612-en-fespa\/","title":{"rendered":"Celupal y Summa anuncian alianza comercial para M\u00e9xico y presentan el F1612 en FESPA"},"content":{"rendered":"<article class=\"text-token-text-primary w-full focus:outline-none scroll-mt-[calc(var(--header-height)+min(200px,max(70px,20svh)))]\" dir=\"auto\" tabindex=\"-1\" data-turn-id=\"bdc42947-eeee-4dba-9da1-8d09fb3965fa\" data-testid=\"conversation-turn-348\" data-scroll-anchor=\"false\" data-turn=\"assistant\">\n<div class=\"text-base my-auto mx-auto [--thread-content-margin:--spacing(4)] @[37rem]:[--thread-content-margin:--spacing(6)] @[72rem]:[--thread-content-margin:--spacing(16)] px-(--thread-content-margin)\">\n<div class=\"[--thread-content-max-width:32rem] @[34rem]:[--thread-content-max-width:40rem] @[64rem]:[--thread-content-max-width:48rem] mx-auto max-w-(--thread-content-max-width) flex-1 group\/turn-messages focus-visible:outline-hidden relative flex w-full min-w-0 flex-col agent-turn\" tabindex=\"-1\">\n<div class=\"flex max-w-full flex-col grow\">\n<div class=\"min-h-8 text-message relative flex w-full flex-col items-end gap-2 text-start break-words whitespace-normal [.text-message+&amp;]:mt-5\" dir=\"auto\" data-message-author-role=\"assistant\" data-message-id=\"c32d1d64-1d71-45e6-9b47-19145c250cda\" data-message-model-slug=\"gpt-4o\">\n<div class=\"flex w-full flex-col gap-1 empty:hidden first:pt-[3px]\">\n<div class=\"markdown prose dark:prose-invert w-full break-words dark markdown-new-styling\">\n<article class=\"text-token-text-primary w-full focus:outline-none scroll-mt-[calc(var(--header-height)+min(200px,max(70px,20svh)))]\" dir=\"auto\" tabindex=\"-1\" data-testid=\"conversation-turn-632\" data-scroll-anchor=\"true\" data-turn=\"assistant\">\n<div class=\"text-base my-auto mx-auto pb-10 [--thread-content-margin:--spacing(4)] @[37rem]:[--thread-content-margin:--spacing(6)] @[72rem]:[--thread-content-margin:--spacing(16)] px-(--thread-content-margin)\">\n<div class=\"[--thread-content-max-width:32rem] @[34rem]:[--thread-content-max-width:40rem] @[64rem]:[--thread-content-max-width:48rem] mx-auto max-w-(--thread-content-max-width) flex-1 group\/turn-messages focus-visible:outline-hidden relative flex w-full min-w-0 flex-col agent-turn\" tabindex=\"-1\">\n<div class=\"flex max-w-full flex-col grow\">\n<div class=\"min-h-8 text-message relative flex w-full flex-col items-end gap-2 text-start break-words whitespace-normal [.text-message+&amp;]:mt-5\" dir=\"auto\" data-message-author-role=\"assistant\" data-message-id=\"ee3bcf72-f0ce-46d9-984c-2f141b38c4c9\" data-message-model-slug=\"gpt-5\">\n<div class=\"flex w-full flex-col gap-1 empty:hidden first:pt-[3px]\">\n<div class=\"markdown prose dark:prose-invert w-full break-words dark markdown-new-styling\">\n<p data-start=\"0\" data-end=\"358\"><strong>CIUDAD DE M\u00c9XICO | M\u00e9xico \u2013 Agosto 2025<\/strong> \u2013 Celupal Internacional, proveedor de soluciones de impresi\u00f3n y acabado digital, anunci\u00f3 una alianza comercial con la empresa belga Summa, reconocida a nivel mundial por su tecnolog\u00eda de corte digital de alta precisi\u00f3n. A trav\u00e9s de este acuerdo, Celupal se convierte en el distribuidor oficial de la marca en M\u00e9xico.<\/p>\n<p data-start=\"360\" data-end=\"687\">La primera acci\u00f3n conjunta ser\u00e1 el lanzamiento del sistema de corte plano <strong data-start=\"434\" data-end=\"443\">F1612<\/strong> durante FESPA M\u00e9xico. Este equipo digital se distingue por su versatilidad y productividad en el manejo de m\u00faltiples materiales, ofreciendo a los impresores precisi\u00f3n y eficiencia para responder a las exigencias actuales del mercado gr\u00e1fico.<\/p>\n<blockquote>\n<p data-start=\"689\" data-end=\"984\">\u201cEn Celupal estamos comprometidos con traer a M\u00e9xico la mejor tecnolog\u00eda internacional. La alianza con Summa refuerza nuestra misi\u00f3n de brindar a nuestros clientes soluciones que impulsen su competitividad y crecimiento\u201d, se\u00f1al\u00f3 <strong data-start=\"918\" data-end=\"981\">Irving Estrada, Director Comercial de Celupal Internacional<\/strong>.<\/p>\n<\/blockquote>\n<p data-start=\"986\" data-end=\"1323\">Desde Europa, Summa destac\u00f3 la relevancia de este acuerdo para consolidar su presencia en Am\u00e9rica Latina.<\/p>\n<blockquote>\n<p data-start=\"986\" data-end=\"1323\">\u201cM\u00e9xico es un mercado clave, y estamos seguros de que, de la mano de Celupal, podremos llevar nuestras soluciones a m\u00e1s clientes, respaldados por un socio de confianza con amplia experiencia en la industria\u201d, expres\u00f3 la compa\u00f1\u00eda.<\/p>\n<\/blockquote>\n<p data-start=\"1325\" data-end=\"1510\" data-is-last-node=\"\" data-is-only-node=\"\">Con esta alianza, ambas empresas buscan impulsar la transformaci\u00f3n tecnol\u00f3gica de la industria gr\u00e1fica mexicana, ofreciendo equipos que combinan innovaci\u00f3n, precisi\u00f3n y confiabilidad.<\/p>\n<p data-start=\"1400\" data-end=\"1592\"><strong><a href=\"http:\/\/www.celupal.com\/\" target=\"_blank\" rel=\"noopener\">www.celupal.com<\/a><\/strong><\/p>\n<p data-start=\"1400\" data-end=\"1592\"><strong><a href=\"https:\/\/worldimagingnews.com\/celupal-and-summa-announce-commercial-alliance-in-mexico-and-present-the-f1612-at-fespa\/\" target=\"_blank\" rel=\"noopener\">World Imaging News<\/a><\/strong><\/p>\n<\/div>\n<\/div>\n<\/div>\n<\/div>\n<div class=\"flex min-h-[46px] justify-start\">\n<div class=\"touch:-me-2 touch:-ms-3.5 -ms-2.5 -me-1 flex flex-wrap items-center gap-y-4 p-1 select-none touch:w-[calc(100%+--spacing(3.5))] -mt-1 w-[calc(100%+--spacing(2.5))] duration-[1.5s] focus-within:transition-none hover:transition-none pointer-events-none [mask-image:linear-gradient(to_right,black_33%,transparent_66%)] [mask-size:300%_100%] [mask-position:100%_0%] motion-safe:transition-[mask-position] group-hover\/turn-messages:pointer-events-auto group-hover\/turn-messages:[mask-position:0_0] group-focus-within\/turn-messages:pointer-events-auto group-focus-within\/turn-messages:[mask-position:0_0] has-data-[state=open]:pointer-events-auto has-data-[state=open]:[mask-position:0_0]\"><\/div>\n<\/div>\n<div class=\"mt-3 w-full empty:hidden\">\n<div class=\"text-center\"><\/div>\n<\/div>\n<div class=\"aria-live=polite absolute\">\n<div class=\"flex items-center justify-center\"><span class=\"flex items-center gap-1.5 select-none\"><span class=\"sr-only whitespace-nowrap! md:not-sr-only\">Preguntar a ChatGPT<\/span><\/span><\/div>\n<\/div>\n<\/div>\n<\/div>\n<\/article>\n<div class=\"pointer-events-none h-px w-px\" aria-hidden=\"true\" data-edge=\"true\"><\/div>\n<h6 class=\"sr-only\">ChatGPT said<\/h6>\n<\/div>\n<\/div>\n<\/div>\n<\/div>\n<\/div>\n<\/div>\n<\/article>\n<h6 class=\"sr-only\">Mimaki USA announces UJV300DTF-75 printer Purpose-built for UV-DTF (direct-to-film) transfer applications<br \/>\nChatGPT s<\/h6>\n","protected":false},"excerpt":{"rendered":"<p>CIUDAD DE M\u00c9XICO | M\u00e9xico \u2013 Agosto 2025 \u2013 Celupal Internacional, proveedor de soluciones de impresi\u00f3n y acabado digital, anunci\u00f3 una alianza comercial con la empresa belga Summa, reconocida a&hellip;<\/p>","protected":false},"author":2,"featured_media":263408,"comment_status":"open","ping_status":"open","sticky":false,"template":"","format":"standard","meta":{"_lmt_disableupdate":"no","_lmt_disable":"","cybocfi_hide_featured_image":"","footnotes":""},"categories":[947],"tags":[639,724],"class_list":["post-263407","post","type-post","status-publish","format-standard","has-post-thumbnail","hentry","category-distribution","tag-celupal","tag-summa"],"_links":{"self":[{"href":"https:\/\/worldimagingnewslatino.com\/pt\/wp-json\/wp\/v2\/posts\/263407"}],"collection":[{"href":"https:\/\/worldimagingnewslatino.com\/pt\/wp-json\/wp\/v2\/posts"}],"about":[{"href":"https:\/\/worldimagingnewslatino.com\/pt\/wp-json\/wp\/v2\/types\/post"}],"author":[{"embeddable":true,"href":"https:\/\/worldimagingnewslatino.com\/pt\/wp-json\/wp\/v2\/users\/2"}],"replies":[{"embeddable":true,"href":"https:\/\/worldimagingnewslatino.com\/pt\/wp-json\/wp\/v2\/comments?post=263407"}],"version-history":[{"count":1,"href":"https:\/\/worldimagingnewslatino.com\/pt\/wp-json\/wp\/v2\/posts\/263407\/revisions"}],"predecessor-version":[{"id":263409,"href":"https:\/\/worldimagingnewslatino.com\/pt\/wp-json\/wp\/v2\/posts\/263407\/revisions\/263409"}],"wp:featuredmedia":[{"embeddable":true,"href":"https:\/\/worldimagingnewslatino.com\/pt\/wp-json\/wp\/v2\/media\/263408"}],"wp:attachment":[{"href":"https:\/\/worldimagingnewslatino.com\/pt\/wp-json\/wp\/v2\/media?parent=263407"}],"wp:term":[{"taxonomy":"category","embeddable":true,"href":"https:\/\/worldimagingnewslatino.com\/pt\/wp-json\/wp\/v2\/categories?post=263407"},{"taxonomy":"post_tag","embeddable":true,"href":"https:\/\/worldimagingnewslatino.com\/pt\/wp-json\/wp\/v2\/tags?post=263407"}],"curies":[{"name":"wp","href":"https:\/\/api.w.org\/{rel}","templated":true}]}}