{"id":263660,"date":"2025-12-09T09:33:35","date_gmt":"2025-12-09T17:33:35","guid":{"rendered":"https:\/\/worldimagingnewslatino.com\/?p=263660"},"modified":"2025-12-09T09:33:35","modified_gmt":"2025-12-09T17:33:35","slug":"fespa-anuncia-lanzamiento-de-textile-nuevo-evento-impresion-textil-global","status":"publish","type":"post","link":"https:\/\/worldimagingnewslatino.com\/it\/fespa-anuncia-lanzamiento-de-textile-nuevo-evento-impresion-textil-global\/","title":{"rendered":"FESPA anuncia el lanzamiento de Textile, un nuevo evento para la impresi\u00f3n textil global"},"content":{"rendered":"<article class=\"text-token-text-primary w-full focus:outline-none [--shadow-height:45px] has-data-writing-block:pointer-events-none has-data-writing-block:-mt-(--shadow-height) has-data-writing-block:pt-(--shadow-height) [&amp;:has([data-writing-block])&gt;*]:pointer-events-auto [content-visibility:auto] supports-[content-visibility:auto]:[contain-intrinsic-size:auto_100lvh] scroll-mt-[calc(var(--header-height)+min(200px,max(70px,20svh)))]\" dir=\"auto\" tabindex=\"-1\" data-turn-id=\"2d5e3c19-4bc2-4cf2-b108-9b1142ea6af4\" data-testid=\"conversation-turn-2\" data-scroll-anchor=\"true\" data-turn=\"assistant\">\n<div class=\"text-base my-auto mx-auto pb-10 [--thread-content-margin:--spacing(4)] thread-sm:[--thread-content-margin:--spacing(6)] thread-lg:[--thread-content-margin:--spacing(16)] px-(--thread-content-margin)\">\n<div class=\"[--thread-content-max-width:40rem] thread-lg:[--thread-content-max-width:48rem] mx-auto max-w-(--thread-content-max-width) flex-1 group\/turn-messages focus-visible:outline-hidden relative flex w-full min-w-0 flex-col agent-turn\" tabindex=\"-1\">\n<div class=\"flex max-w-full flex-col grow\">\n<div class=\"min-h-8 text-message relative flex w-full flex-col items-end gap-2 text-start break-words whitespace-normal [.text-message+&amp;]:mt-1\" dir=\"auto\" data-message-author-role=\"assistant\" data-message-id=\"b4ddbe08-dacb-471c-8137-c3ebbff9ccfe\" data-message-model-slug=\"gpt-5\">\n<div class=\"flex w-full flex-col gap-1 empty:hidden first:pt-[1px]\">\n<div class=\"markdown prose dark:prose-invert w-full break-words dark markdown-new-styling\">\n<h6 class=\"sr-only\">ChatGPT said:<\/h6>\n<div class=\"text-base my-auto mx-auto pb-10 [--thread-content-margin:--spacing(4)] thread-sm:[--thread-content-margin:--spacing(6)] thread-lg:[--thread-content-margin:--spacing(16)] px-(--thread-content-margin)\">\n<div class=\"[--thread-content-max-width:40rem] thread-lg:[--thread-content-max-width:48rem] mx-auto max-w-(--thread-content-max-width) flex-1 group\/turn-messages focus-visible:outline-hidden relative flex w-full min-w-0 flex-col agent-turn\" tabindex=\"-1\">\n<div class=\"flex max-w-full flex-col grow\">\n<div class=\"min-h-8 text-message relative flex w-full flex-col items-end gap-2 text-start break-words whitespace-normal [.text-message+&amp;]:mt-1\" dir=\"auto\" data-message-author-role=\"assistant\" data-message-id=\"dc998ae5-53fb-42a9-bf14-a2d0cd243c46\" data-message-model-slug=\"gpt-5\">\n<div class=\"flex w-full flex-col gap-1 empty:hidden first:pt-[1px]\">\n<div class=\"markdown prose dark:prose-invert w-full break-words dark markdown-new-styling\">\n<h6 data-start=\"293\" data-end=\"496\"><em>FESPA est\u00e1 ampliando sus 60 a\u00f1os de trayectoria en serigraf\u00eda e impresi\u00f3n digital para aplicaciones textiles con el lanzamiento de Textile, un evento dedicado a textiles impresos, vestuario y decoraci\u00f3n.<\/em><\/h6>\n<p data-start=\"498\" data-end=\"798\"><strong>DORKING | Reino Unido &#8211; Noviembre 2025<\/strong> &#8211; La primera edici\u00f3n se llevar\u00e1 a cabo junto a FESPA Global Print Expo, sus eventos simult\u00e1neos Personalisation Experience, European Sign Expo y el nuevo evento Corrugated, en Fira Barcelona del 19 al 22 de mayo de 2026 (ver comunicados de prensa por separado).<\/p>\n<p data-start=\"800\" data-end=\"1226\">Compuesto por una exposici\u00f3n y un programa de conferencias especializado, Textile est\u00e1 dise\u00f1ado espec\u00edficamente para visitantes que trabajan con textiles impresos, incluidos prendas, ropa deportiva y decoraci\u00f3n interior. El evento servir\u00e1 como una plataforma concentrada para que los productores de estas aplicaciones exploren tendencias del sector, conozcan las \u00faltimas innovaciones e intercambien conocimiento y experiencia.<\/p>\n<p data-start=\"1228\" data-end=\"1572\">El espacio de exhibici\u00f3n mostrar\u00e1 diversas tecnolog\u00edas y consumibles relacionados con el textil, incluyendo: maquinaria roll-to-roll; equipos de impresi\u00f3n directa a prenda (DTG) y directa a tela (DTF); software de dise\u00f1o y flujo de trabajo; equipos de bordado y costura; equipos de acabado; materiales y prendas; tintas y recubrimientos; y m\u00e1s.<\/p>\n<p data-start=\"1574\" data-end=\"1762\">En las conferencias gratuitas, los asistentes escuchar\u00e1n a expertos sobre temas como mejora de la productividad y eficiencia, reducci\u00f3n del impacto operativo y disminuci\u00f3n de desperdicios.<\/p>\n<p data-start=\"1764\" data-end=\"1949\">El evento tambi\u00e9n ofrecer\u00e1 a los visitantes oportunidades de networking con marcas y dise\u00f1adores que buscan cadenas de producci\u00f3n textil m\u00e1s \u00e1giles y responsables con el medio ambiente.<\/p>\n<p data-start=\"1951\" data-end=\"2069\">Textile ser\u00e1 accesible para los visitantes de los otros cuatro eventos simult\u00e1neos de FESPA 2026 con una sola entrada.<\/p>\n<p data-start=\"2071\" data-end=\"2475\"><strong>Duncan MacOwan<\/strong>, Director de Marketing y Eventos, comenta: \u201cCon el lanzamiento de Textile, estamos creando un entorno enfocado que aborda directamente los desaf\u00edos que enfrentan los impresores textiles, las marcas de prendas, los productores de ropa deportiva y los dise\u00f1adores de interiores, mientras ofrecemos a los impresores la visi\u00f3n especializada en textil que necesitan para invertir y expandirse.\u201d<\/p>\n<p data-start=\"2477\" data-end=\"2814\">Contin\u00faa: \u201cCon el enfoque en la innovaci\u00f3n y el intercambio de conocimiento, Textile ayudar\u00e1 a los visitantes a tomar decisiones de producci\u00f3n m\u00e1s inteligentes, mejorar la velocidad de salida al mercado y la rentabilidad, adoptar una manufactura sostenible bajo demanda y convertir ideas creativas en resultados funcionales y rentables.\u201d<\/p>\n<p data-start=\"2816\" data-end=\"3352\"><strong>Callum Legg,<\/strong> Gerente de Ventas y Proyectos del Grupo FESPA, agrega: \u201cTextile ser\u00e1 un punto de encuentro estrat\u00e9gico para que expertos se re\u00fanan, descubran nuevas oportunidades, exploren una producci\u00f3n textil responsable y comprendan los m\u00faltiples factores que influyen en el futuro de la impresi\u00f3n textil. Estamos colocando a los proveedores en una posici\u00f3n s\u00f3lida para establecer y fortalecer relaciones con los tomadores de decisiones del sector textil, y apoyar a los visitantes para que tomen decisiones de inversi\u00f3n con confianza.\u201d<\/p>\n<p data-start=\"3354\" data-end=\"3488\">FESPA compartir\u00e1 m\u00e1s detalles sobre Textile, incluyendo el programa completo de conferencias y los expositores, en los pr\u00f3ximos meses.<\/p>\n<p class=\"ai-optimize-6\"><strong><a href=\"https:\/\/www.fespaglobalprintexpo.com\/\" target=\"_blank\" rel=\"noopener\">www.fespaglobalprintexpo.com<\/a><\/strong><\/p>\n<p class=\"ai-optimize-17\"><strong><a href=\"https:\/\/worldimagingnews.com\/fespa-announces-launch-of-textile-a-new-event-for-global-textile-printing\/\" target=\"_blank\" rel=\"noopener\">World Imaging News<\/a><\/strong><\/p>\n<\/div>\n<\/div>\n<\/div>\n<\/div>\n<\/div>\n<\/div>\n<\/div>\n<\/div>\n<\/div>\n<\/div>\n<\/div>\n<\/div>\n<\/article>\n<p class=\"sr-only\">ChatGPT said:<span style=\"font-family: 'PT Serif', serif;\">que realmente empodera a nuestros clientes.\u201d<\/span><\/p>\n","protected":false},"excerpt":{"rendered":"<p>ChatGPT said: FESPA est\u00e1 ampliando sus 60 a\u00f1os de trayectoria en serigraf\u00eda e impresi\u00f3n digital para aplicaciones textiles con el lanzamiento de Textile, un evento dedicado a textiles impresos, vestuario&hellip;<\/p>","protected":false},"author":2,"featured_media":263661,"comment_status":"open","ping_status":"open","sticky":false,"template":"","format":"standard","meta":{"_lmt_disableupdate":"no","_lmt_disable":"","cybocfi_hide_featured_image":"","footnotes":""},"categories":[607],"tags":[238,1290],"class_list":["post-263660","post","type-post","status-publish","format-standard","has-post-thumbnail","hentry","category-trade-shows","tag-fespa","tag-textile"],"_links":{"self":[{"href":"https:\/\/worldimagingnewslatino.com\/it\/wp-json\/wp\/v2\/posts\/263660"}],"collection":[{"href":"https:\/\/worldimagingnewslatino.com\/it\/wp-json\/wp\/v2\/posts"}],"about":[{"href":"https:\/\/worldimagingnewslatino.com\/it\/wp-json\/wp\/v2\/types\/post"}],"author":[{"embeddable":true,"href":"https:\/\/worldimagingnewslatino.com\/it\/wp-json\/wp\/v2\/users\/2"}],"replies":[{"embeddable":true,"href":"https:\/\/worldimagingnewslatino.com\/it\/wp-json\/wp\/v2\/comments?post=263660"}],"version-history":[{"count":1,"href":"https:\/\/worldimagingnewslatino.com\/it\/wp-json\/wp\/v2\/posts\/263660\/revisions"}],"predecessor-version":[{"id":263662,"href":"https:\/\/worldimagingnewslatino.com\/it\/wp-json\/wp\/v2\/posts\/263660\/revisions\/263662"}],"wp:featuredmedia":[{"embeddable":true,"href":"https:\/\/worldimagingnewslatino.com\/it\/wp-json\/wp\/v2\/media\/263661"}],"wp:attachment":[{"href":"https:\/\/worldimagingnewslatino.com\/it\/wp-json\/wp\/v2\/media?parent=263660"}],"wp:term":[{"taxonomy":"category","embeddable":true,"href":"https:\/\/worldimagingnewslatino.com\/it\/wp-json\/wp\/v2\/categories?post=263660"},{"taxonomy":"post_tag","embeddable":true,"href":"https:\/\/worldimagingnewslatino.com\/it\/wp-json\/wp\/v2\/tags?post=263660"}],"curies":[{"name":"wp","href":"https:\/\/api.w.org\/{rel}","templated":true}]}}