{"id":261796,"date":"2024-11-01T10:29:22","date_gmt":"2024-11-01T17:29:22","guid":{"rendered":"https:\/\/worldimagingnewslatino.com\/?p=261796"},"modified":"2024-11-27T13:48:08","modified_gmt":"2024-11-27T21:48:08","slug":"caldera-announces-primecenter-update-with-support-for-supply55-expresscutpro","status":"publish","type":"post","link":"https:\/\/worldimagingnewslatino.com\/it\/caldera-announces-primecenter-update-with-support-for-supply55-expresscutpro\/","title":{"rendered":"Caldera Anuncia Actualizaci\u00f3n de PrimeCenter con Soporte para Supply55 ExpressCutPRO"},"content":{"rendered":"<p><strong>ECKBOLSHEIM | Francia &#8211; Octubre de 2024<\/strong> &#8211; <em>Caldera<\/em>, un proveedor l\u00edder de soluciones de software para la industria de impresi\u00f3n digital, se complace en anunciar el lanzamiento de PrimeCenter 3.3, la \u00faltima versi\u00f3n de su software de preimpresi\u00f3n para impresi\u00f3n y corte en gran formato. Esta actualizaci\u00f3n introduce nuevas capacidades a los usuarios mediante la incorporaci\u00f3n de controladores para una gama m\u00e1s amplia de dispositivos de corte, avanzando en la misi\u00f3n de la plataforma de proporcionar flujos de trabajo de producci\u00f3n eficientes y sin interrupciones en un n\u00famero creciente de entornos.<\/p>\n<p>PrimeCenter 3.3 presenta dos nuevos controladores clave que ampl\u00edan la integraci\u00f3n del software con una gama m\u00e1s amplia de cortadoras, gracias a nuevas asociaciones con <em>Secabo<\/em> y <em>Supply55<\/em> para proporcionar el controlador Secabo, y con <em>Euro-Systems<\/em> para ofrecer el controlador OptiScout. Esto se suma al impulso de integraciones anteriores con los controladores Kongsberg, DXF y HPGL, as\u00ed como su soporte de larga data para Z\u00fcnd Cut Center (ZCC). Al continuar agregando controladores para m\u00e1s dispositivos, PrimeCenter se posiciona estrat\u00e9gicamente como una soluci\u00f3n no solo independiente del RIP, sino ahora tambi\u00e9n cada vez m\u00e1s independiente del cortador, brindando a los usuarios m\u00e1xima flexibilidad para gestionar configuraciones de producci\u00f3n diversas.<\/p>\n<p>PrimeCenter 3.3 incluye un controlador para la Secabo DTF MultiCut Pro (tambi\u00e9n conocida como ExpressCutPRO en Estados Unidos), una cortadora autom\u00e1tica dise\u00f1ada para flujos de trabajo Direct-to-Film (DTF). Esta nueva funcionalidad permite a los usuarios exportar archivos de corte espec\u00edficamente adaptados para la Secabo DTF MultiCut Pro, habilitando cortes DTF precisos y automatizados, y reduciendo la necesidad de procesos manuales. Con esta integraci\u00f3n, los usuarios experimentar\u00e1n un flujo de trabajo m\u00e1s optimizado y una mayor velocidad de producci\u00f3n.<\/p>\n<p><strong>Chase Pender<\/strong>, desarrollador de negocios en Supply55, comenta:<br \/>\n<em>\u201cEstamos emocionados por la integraci\u00f3n de ExpressCutPRO y PrimeCenter. Al combinar la potente automatizaci\u00f3n de flujos de trabajo de Caldera con el corte preciso de ExpressCutPRO, estamos seguros de que esta colaboraci\u00f3n ofrecer\u00e1 a los usuarios una experiencia de producci\u00f3n mejorada, aumentando tanto la eficiencia como la calidad del resultado.\u201d<\/em><\/p>\n<p>Adem\u00e1s, PrimeCenter ahora es compatible con OptiScout, un sistema modular de reconocimiento \u00f3ptico para m\u00e1quinas de cama plana multifuncionales, haci\u00e9ndolo compatible con una amplia variedad de dispositivos de corte de fabricantes como <em>Colex<\/em>, <em>Bullmer<\/em> y <em>Hasler<\/em>. Con este nuevo controlador, los usuarios de PrimeCenter podr\u00e1n exportar archivos de corte compatibles con los controladores de sus dispositivos OptiScout, abriendo la puerta a una producci\u00f3n m\u00e1s eficiente y de alta precisi\u00f3n en entornos que utilicen estos equipos. Frank Th\u00f6mmes, CTO de Euro-Systems, afirma:<br \/>\n<em>\u201cCon m\u00e1s de 30 a\u00f1os de experiencia en el mercado de software de corte, Euro-Systems se complace en colaborar con Caldera para integrar la interfaz OptiScout OXF en Caldera PrimeCenter. Esta asociaci\u00f3n fortalecer\u00e1 la presencia de ambas empresas en el mercado de flujos de trabajo de impresi\u00f3n y corte.\u201d<\/em><\/p>\n<p>Adem\u00e1s de los nuevos controladores, PrimeCenter 3.3 introduce varias mejoras en la experiencia del usuario. La capacidad de guardar recetas incompletas para configurarlas posteriormente permite a los usuarios continuar configurando flujos de trabajo sin perder progreso. Asimismo, el algoritmo mejorado de espaciado de marcas de registro garantiza cortes m\u00e1s precisos y confiables en diferentes dispositivos.<\/p>\n<p>PrimeCenter 3.3 estar\u00e1 disponible para descarga en octubre de 2024 a trav\u00e9s de <em>CalderaDock<\/em>, la aplicaci\u00f3n de gesti\u00f3n de software dedicada de Caldera.<\/p>\n<p><a href=\"http:\/\/www.supply55.com\" target=\"_blank\" rel=\"noopener\"><strong>www.supply55.com<\/strong><\/a> &#8211; <strong><a href=\"http:\/\/www.caldera.com\" target=\"_blank\" rel=\"noopener\">www.caldera.com<\/a><\/strong><\/p>\n<p>&nbsp;<\/p>","protected":false},"excerpt":{"rendered":"<p>ECKBOLSHEIM | Francia &#8211; Octubre de 2024 &#8211; Caldera, un proveedor l\u00edder de soluciones de software para la industria de impresi\u00f3n digital, se complace en anunciar el lanzamiento de PrimeCenter&hellip;<\/p>","protected":false},"author":1,"featured_media":261800,"comment_status":"open","ping_status":"open","sticky":false,"template":"","format":"standard","meta":{"_lmt_disableupdate":"no","_lmt_disable":"","cybocfi_hide_featured_image":"","footnotes":""},"categories":[38],"tags":[466,636,963],"class_list":["post-261796","post","type-post","status-publish","format-standard","has-post-thumbnail","hentry","category-cutters","tag-caldera","tag-expresscutpro","tag-supply55"],"_links":{"self":[{"href":"https:\/\/worldimagingnewslatino.com\/it\/wp-json\/wp\/v2\/posts\/261796"}],"collection":[{"href":"https:\/\/worldimagingnewslatino.com\/it\/wp-json\/wp\/v2\/posts"}],"about":[{"href":"https:\/\/worldimagingnewslatino.com\/it\/wp-json\/wp\/v2\/types\/post"}],"author":[{"embeddable":true,"href":"https:\/\/worldimagingnewslatino.com\/it\/wp-json\/wp\/v2\/users\/1"}],"replies":[{"embeddable":true,"href":"https:\/\/worldimagingnewslatino.com\/it\/wp-json\/wp\/v2\/comments?post=261796"}],"version-history":[{"count":4,"href":"https:\/\/worldimagingnewslatino.com\/it\/wp-json\/wp\/v2\/posts\/261796\/revisions"}],"predecessor-version":[{"id":262444,"href":"https:\/\/worldimagingnewslatino.com\/it\/wp-json\/wp\/v2\/posts\/261796\/revisions\/262444"}],"wp:featuredmedia":[{"embeddable":true,"href":"https:\/\/worldimagingnewslatino.com\/it\/wp-json\/wp\/v2\/media\/261800"}],"wp:attachment":[{"href":"https:\/\/worldimagingnewslatino.com\/it\/wp-json\/wp\/v2\/media?parent=261796"}],"wp:term":[{"taxonomy":"category","embeddable":true,"href":"https:\/\/worldimagingnewslatino.com\/it\/wp-json\/wp\/v2\/categories?post=261796"},{"taxonomy":"post_tag","embeddable":true,"href":"https:\/\/worldimagingnewslatino.com\/it\/wp-json\/wp\/v2\/tags?post=261796"}],"curies":[{"name":"wp","href":"https:\/\/api.w.org\/{rel}","templated":true}]}}