{"id":261609,"date":"2024-10-17T06:19:43","date_gmt":"2024-10-17T13:19:43","guid":{"rendered":"https:\/\/worldimagingnewslatino.com\/?p=261609"},"modified":"2024-11-27T14:05:34","modified_gmt":"2024-11-27T22:05:34","slug":"new-120v-hotronix-dual-air-fusion-iq-creates-opportunity-for-more-decorators","status":"publish","type":"post","link":"https:\/\/worldimagingnewslatino.com\/it\/new-120v-hotronix-dual-air-fusion-iq-creates-opportunity-for-more-decorators\/","title":{"rendered":"La nuova Hotronix\u00ae Dual Air Fusion IQ\u00ae da 120v amplia le opportunit\u00e0 per un numero maggiore di decoratori"},"content":{"rendered":"<p><strong>CARMICHAELS | Pensilvania &#8211; Octubre de 2024<\/strong> - <em>STAHLS\u2019 Hotronix\u00ae<\/em> se complace en anunciar el lanzamiento del modelo de <strong>120v<\/strong> de la innovadora plancha t\u00e9rmica Dual Air Fusion IQ\u00ae, que se suma al modelo existente de 240v. Esta nueva opci\u00f3n de voltaje marca un avance significativo, haciendo que la tecnolog\u00eda avanzada de impresi\u00f3n t\u00e9rmica sea m\u00e1s accesible para una mayor variedad de decoradores de prendas, peque\u00f1os negocios y talleres de impresi\u00f3n de todos los tama\u00f1os.<\/p>\n<p>La incorporaci\u00f3n del modelo de 120v permite que m\u00e1s decoradores, desde negocios caseros hasta talleres de producci\u00f3n a gran escala, se beneficien del rendimiento del Dual Air Fusion IQ\u00ae sin necesidad de realizar modificaciones en su infraestructura el\u00e9ctrica. Simplemente conecta el modelo de 120v a un circuito est\u00e1ndar de 20 amperios dedicado. Esta nueva opci\u00f3n de voltaje ofrece a los decoradores una soluci\u00f3n lista para usar que combina potencia, automatizaci\u00f3n y facilidad de instalaci\u00f3n.<\/p>\n<p>\u201cSi bien el Dual Air Fusion ha sido un elemento clave en las \u00e1reas de impresi\u00f3n t\u00e9rmica de f\u00e1bricas de alto volumen, tambi\u00e9n es igual de importante para los peque\u00f1os negocios\u201d, afirma <strong>Josh Ellsworth<\/strong>, Director de Ingresos de GroupeSTAHL. \u201cLa disponibilidad de una plancha t\u00e9rmica Dual de 120v responde a la demanda que hemos observado para el uso en negocios desde casa. Normalmente, un emprendedor cumple muchas funciones durante el d\u00eda, y una plancha de doble estaci\u00f3n asegura que pueda procesar pedidos m\u00e1s r\u00e1pido y ahorrar tiempo. Adem\u00e1s, con la certificaci\u00f3n UL de la m\u00e1quina, cualquier decorador, sin importar el tama\u00f1o de su operaci\u00f3n o ubicaci\u00f3n, puede disfrutar de los beneficios de ahorro de tiempo y la tranquilidad de contar con un equipo seguro\u201d.<\/p>\n<p>Al poder conectarse a cualquier toma el\u00e9ctrica est\u00e1ndar, el Dual Air Fusion IQ\u00ae est\u00e1 listo para usarse de inmediato en cualquier taller. Al eliminar la barrera de los requisitos el\u00e9ctricos especializados, m\u00e1s negocios pueden experimentar la velocidad, precisi\u00f3n y eficiencia incomparables de esta m\u00e1quina l\u00edder en la industria.<\/p>\n<p><strong><a href=\"http:\/\/www.stahls.com\" target=\"_blank\" rel=\"noopener\">www.stahls.com<\/a><\/strong><\/p>","protected":false},"excerpt":{"rendered":"<p>CARMICHAELS | Pensilvania &#8211; Octubre de 2024 \u2013 STAHLS\u2019 Hotronix\u00ae se complace en anunciar el lanzamiento del modelo de 120v de la innovadora plancha t\u00e9rmica Dual Air Fusion IQ\u00ae, que&hellip;<\/p>","protected":false},"author":1,"featured_media":261611,"comment_status":"open","ping_status":"open","sticky":false,"template":"","format":"standard","meta":{"_lmt_disableupdate":"no","_lmt_disable":"","cybocfi_hide_featured_image":"","footnotes":""},"categories":[42],"tags":[921,403,331],"class_list":["post-261609","post","type-post","status-publish","format-standard","has-post-thumbnail","hentry","category-heat-presses","tag-dual-air-fusion-iq","tag-hotronix","tag-stahls"],"_links":{"self":[{"href":"https:\/\/worldimagingnewslatino.com\/it\/wp-json\/wp\/v2\/posts\/261609"}],"collection":[{"href":"https:\/\/worldimagingnewslatino.com\/it\/wp-json\/wp\/v2\/posts"}],"about":[{"href":"https:\/\/worldimagingnewslatino.com\/it\/wp-json\/wp\/v2\/types\/post"}],"author":[{"embeddable":true,"href":"https:\/\/worldimagingnewslatino.com\/it\/wp-json\/wp\/v2\/users\/1"}],"replies":[{"embeddable":true,"href":"https:\/\/worldimagingnewslatino.com\/it\/wp-json\/wp\/v2\/comments?post=261609"}],"version-history":[{"count":3,"href":"https:\/\/worldimagingnewslatino.com\/it\/wp-json\/wp\/v2\/posts\/261609\/revisions"}],"predecessor-version":[{"id":262449,"href":"https:\/\/worldimagingnewslatino.com\/it\/wp-json\/wp\/v2\/posts\/261609\/revisions\/262449"}],"wp:featuredmedia":[{"embeddable":true,"href":"https:\/\/worldimagingnewslatino.com\/it\/wp-json\/wp\/v2\/media\/261611"}],"wp:attachment":[{"href":"https:\/\/worldimagingnewslatino.com\/it\/wp-json\/wp\/v2\/media?parent=261609"}],"wp:term":[{"taxonomy":"category","embeddable":true,"href":"https:\/\/worldimagingnewslatino.com\/it\/wp-json\/wp\/v2\/categories?post=261609"},{"taxonomy":"post_tag","embeddable":true,"href":"https:\/\/worldimagingnewslatino.com\/it\/wp-json\/wp\/v2\/tags?post=261609"}],"curies":[{"name":"wp","href":"https:\/\/api.w.org\/{rel}","templated":true}]}}