{"id":263418,"date":"2025-09-07T08:44:02","date_gmt":"2025-09-07T15:44:02","guid":{"rendered":"https:\/\/worldimagingnewslatino.com\/?p=263418"},"modified":"2025-09-07T08:44:02","modified_gmt":"2025-09-07T15:44:02","slug":"durst-group-adquiere-callas-software-y-allana-el-camino-hacia-una-industria-de-impresion-abierta","status":"publish","type":"post","link":"https:\/\/worldimagingnewslatino.com\/es\/durst-group-adquiere-callas-software-y-allana-el-camino-hacia-una-industria-de-impresion-abierta\/","title":{"rendered":"Durst Group adquiere callas software y allana el camino hacia una industria de impresi\u00f3n abierta."},"content":{"rendered":"<article class=\"text-token-text-primary w-full focus:outline-none scroll-mt-[calc(var(--header-height)+min(200px,max(70px,20svh)))]\" dir=\"auto\" tabindex=\"-1\" data-turn-id=\"bdc42947-eeee-4dba-9da1-8d09fb3965fa\" data-testid=\"conversation-turn-348\" data-scroll-anchor=\"false\" data-turn=\"assistant\">\n<div class=\"text-base my-auto mx-auto [--thread-content-margin:--spacing(4)] @[37rem]:[--thread-content-margin:--spacing(6)] @[72rem]:[--thread-content-margin:--spacing(16)] px-(--thread-content-margin)\">\n<div class=\"[--thread-content-max-width:32rem] @[34rem]:[--thread-content-max-width:40rem] @[64rem]:[--thread-content-max-width:48rem] mx-auto max-w-(--thread-content-max-width) flex-1 group\/turn-messages focus-visible:outline-hidden relative flex w-full min-w-0 flex-col agent-turn\" tabindex=\"-1\">\n<div class=\"flex max-w-full flex-col grow\">\n<div class=\"min-h-8 text-message relative flex w-full flex-col items-end gap-2 text-start break-words whitespace-normal [.text-message+&amp;]:mt-5\" dir=\"auto\" data-message-author-role=\"assistant\" data-message-id=\"c32d1d64-1d71-45e6-9b47-19145c250cda\" data-message-model-slug=\"gpt-4o\">\n<div class=\"flex w-full flex-col gap-1 empty:hidden first:pt-[3px]\">\n<div class=\"markdown prose dark:prose-invert w-full break-words dark markdown-new-styling\">\n<article class=\"text-token-text-primary w-full focus:outline-none scroll-mt-[calc(var(--header-height)+min(200px,max(70px,20svh)))]\" dir=\"auto\" tabindex=\"-1\" data-testid=\"conversation-turn-632\" data-scroll-anchor=\"true\" data-turn=\"assistant\">\n<div class=\"text-base my-auto mx-auto pb-10 [--thread-content-margin:--spacing(4)] @[37rem]:[--thread-content-margin:--spacing(6)] @[72rem]:[--thread-content-margin:--spacing(16)] px-(--thread-content-margin)\">\n<div class=\"[--thread-content-max-width:32rem] @[34rem]:[--thread-content-max-width:40rem] @[64rem]:[--thread-content-max-width:48rem] mx-auto max-w-(--thread-content-max-width) flex-1 group\/turn-messages focus-visible:outline-hidden relative flex w-full min-w-0 flex-col agent-turn\" tabindex=\"-1\">\n<div class=\"flex max-w-full flex-col grow\">\n<div class=\"min-h-8 text-message relative flex w-full flex-col items-end gap-2 text-start break-words whitespace-normal [.text-message+&amp;]:mt-5\" dir=\"auto\" data-message-author-role=\"assistant\" data-message-id=\"ee3bcf72-f0ce-46d9-984c-2f141b38c4c9\" data-message-model-slug=\"gpt-5\">\n<div class=\"flex w-full flex-col gap-1 empty:hidden first:pt-[3px]\">\n<div class=\"markdown prose dark:prose-invert w-full break-words dark markdown-new-styling\">\n<p data-start=\"0\" data-end=\"445\"><strong>BERL\u00cdN | Alemania \u2013 Mayo de 2025<\/strong> <strong>\u2013<\/strong> El Grupo Durst, l\u00edder mundial en tecnolog\u00edas de impresi\u00f3n digital y producci\u00f3n, anuncia la adquisici\u00f3n de <em data-start=\"141\" data-end=\"158\">callas software<\/em>. Callas es uno de los principales proveedores de soluciones para automatizaci\u00f3n de preimpresi\u00f3n y tecnolog\u00edas PDF, desempe\u00f1ando un papel esencial en numerosos flujos de trabajo de impresi\u00f3n, ya sea de forma directa o como componente OEM en productos de preimpresi\u00f3n l\u00edderes del mercado.<\/p>\n<p data-start=\"447\" data-end=\"821\">Con esta adquisici\u00f3n, el Grupo Durst refuerza su estrategia de software, apostando por la apertura y la conectividad dentro de la industria de la impresi\u00f3n. El objetivo es lograr una automatizaci\u00f3n inteligente y fluida entre m\u00e1quinas, software y procesos de impresi\u00f3n. Al mismo tiempo, <em data-start=\"733\" data-end=\"750\">callas software<\/em> conservar\u00e1 su autonom\u00eda en cuanto a gesti\u00f3n y desarrollo de productos.<\/p>\n<h5 data-start=\"823\" data-end=\"868\">Un mensaje contundente para clientes y socios<\/h5>\n<p data-start=\"870\" data-end=\"997\">Para los clientes y socios OEM de <em data-start=\"904\" data-end=\"912\">callas<\/em>, esta adquisici\u00f3n representa m\u00e1xima estabilidad y nuevas oportunidades tecnol\u00f3gicas:<\/p>\n<ul>\n<li data-start=\"999\" data-end=\"1413\"><strong data-start=\"999\" data-end=\"1026\">Seguridad a largo plazo<\/strong>: <em data-start=\"1028\" data-end=\"1036\">callas<\/em> continuar\u00e1 operando como empresa independiente.<\/li>\n<li data-start=\"999\" data-end=\"1413\"><strong data-start=\"1087\" data-end=\"1112\">Evoluci\u00f3n garantizada<\/strong>: con el respaldo del Grupo Durst, <em data-start=\"1147\" data-end=\"1155\">callas<\/em> podr\u00e1 seguir perfeccionando su tecnolog\u00eda.<\/li>\n<li data-start=\"999\" data-end=\"1413\"><strong data-start=\"1201\" data-end=\"1230\">Contratos OEM sin cambios<\/strong>: las relaciones comerciales existentes no se ver\u00e1n afectadas.<\/li>\n<li data-start=\"999\" data-end=\"1413\"><strong data-start=\"1295\" data-end=\"1319\">Nuevas oportunidades<\/strong>: m\u00e1s opciones de integraci\u00f3n gracias al acceso a las tecnolog\u00edas de software del Grupo Durst.<\/li>\n<\/ul>\n<p data-start=\"1415\" data-end=\"1715\">\u201cMantener la independencia de <em data-start=\"1445\" data-end=\"1453\">callas<\/em> fue una condici\u00f3n clave para unirnos al Grupo Durst. Nuestros clientes deben confiar en que <em data-start=\"1546\" data-end=\"1554\">callas<\/em> seguir\u00e1 siendo un socio fiable, mientras gana una base s\u00f3lida para impulsar la innovaci\u00f3n a largo plazo\u201d, afirma Dietrich von Seggern, CEO de <em data-start=\"1697\" data-end=\"1714\">callas software<\/em>.<\/p>\n<h5 data-start=\"1717\" data-end=\"1771\">Digitalizaci\u00f3n y automatizaci\u00f3n como visi\u00f3n compartida<\/h5>\n<p data-start=\"1773\" data-end=\"2119\">Con esta adquisici\u00f3n, el Grupo Durst intensifica su estrategia de construir una plataforma de software abierta y conectada para la industria gr\u00e1fica. <em data-start=\"1923\" data-end=\"1931\">callas<\/em> desempe\u00f1ar\u00e1 un papel clave al integrar soluciones aisladas y permitir que los proveedores de servicios de impresi\u00f3n en todo el mundo logren mayor eficiencia, escalabilidad y flexibilidad.<\/p>\n<p data-start=\"2121\" data-end=\"2382\">En los pr\u00f3ximos meses, la colaboraci\u00f3n entre <em data-start=\"2166\" data-end=\"2183\">callas software<\/em> y el Grupo Durst se profundizar\u00e1. El objetivo es aprovechar las sinergias y acelerar el desarrollo de una plataforma de software abierta, independiente del proveedor, para el sector de la impresi\u00f3n.<\/p>\n<p data-start=\"2384\" data-end=\"2780\" data-is-last-node=\"\" data-is-only-node=\"\">\u201cEste no es solo un paso m\u00e1s hacia la digitalizaci\u00f3n: estamos moldeando activamente el futuro de la impresi\u00f3n digital. Con <em data-start=\"2507\" data-end=\"2515\">callas<\/em> a nuestro lado, estamos haciendo que el software de impresi\u00f3n sea m\u00e1s inteligente, m\u00e1s conectado y m\u00e1s potente. Las mejores soluciones surgen cuando socios fuertes trabajan juntos con una visi\u00f3n com\u00fan\u201d, afirma Christoph Gamper, CEO y copropietario del Grupo Durst.<\/p>\n<p data-start=\"3771\" data-end=\"4318\" data-is-last-node=\"\" data-is-only-node=\"\"><strong><a href=\"http:\/\/www.durst-group.com\" target=\"_blank\" rel=\"noopener\">www.durst-group.com<\/a><\/strong><br \/>\n<a href=\"https:\/\/worldimagingnews.com\/durst-group-acquires-callas-software-paving-the-way-for-an-open-printing-industry\" target=\"_blank\" rel=\"noopener\">World Imagine News<\/a><\/p>\n<\/div>\n<\/div>\n<\/div>\n<\/div>\n<div class=\"aria-live=polite absolute\">\n<div class=\"flex items-center justify-center\"><span class=\"flex items-center gap-1.5 select-none\"><span class=\"sr-only whitespace-nowrap! md:not-sr-only\">Preguntar a ChatGP<\/span><\/span><\/div>\n<\/div>\n<\/div>\n<\/div>\n<\/article>\n<h6 class=\"sr-only\">ChatGPT said<\/h6>\n<\/div>\n<\/div>\n<\/div>\n<\/div>\n<\/div>\n<\/div>\n<\/article>\n<h6 class=\"sr-only\">Mimaki USA announces UJV300DTF-75 printer Purpose-built for UV-DTF (direct-to-film) transfer applications<br \/>\nChatGPT s<\/h6>\n","protected":false},"excerpt":{"rendered":"<p>BERL\u00cdN | Alemania \u2013 Mayo de 2025 \u2013 El Grupo Durst, l\u00edder mundial en tecnolog\u00edas de impresi\u00f3n digital y producci\u00f3n, anuncia la adquisici\u00f3n de callas software. Callas es uno de&hellip;<\/p>\n","protected":false},"author":2,"featured_media":263419,"comment_status":"open","ping_status":"open","sticky":false,"template":"","format":"standard","meta":{"_lmt_disableupdate":"no","_lmt_disable":"","cybocfi_hide_featured_image":"","footnotes":""},"categories":[82],"tags":[1225,861],"class_list":["post-263418","post","type-post","status-publish","format-standard","has-post-thumbnail","hentry","category-mergers-and-acquisitions","tag-callas-software","tag-durst-group"],"_links":{"self":[{"href":"https:\/\/worldimagingnewslatino.com\/es\/wp-json\/wp\/v2\/posts\/263418"}],"collection":[{"href":"https:\/\/worldimagingnewslatino.com\/es\/wp-json\/wp\/v2\/posts"}],"about":[{"href":"https:\/\/worldimagingnewslatino.com\/es\/wp-json\/wp\/v2\/types\/post"}],"author":[{"embeddable":true,"href":"https:\/\/worldimagingnewslatino.com\/es\/wp-json\/wp\/v2\/users\/2"}],"replies":[{"embeddable":true,"href":"https:\/\/worldimagingnewslatino.com\/es\/wp-json\/wp\/v2\/comments?post=263418"}],"version-history":[{"count":1,"href":"https:\/\/worldimagingnewslatino.com\/es\/wp-json\/wp\/v2\/posts\/263418\/revisions"}],"predecessor-version":[{"id":263420,"href":"https:\/\/worldimagingnewslatino.com\/es\/wp-json\/wp\/v2\/posts\/263418\/revisions\/263420"}],"wp:featuredmedia":[{"embeddable":true,"href":"https:\/\/worldimagingnewslatino.com\/es\/wp-json\/wp\/v2\/media\/263419"}],"wp:attachment":[{"href":"https:\/\/worldimagingnewslatino.com\/es\/wp-json\/wp\/v2\/media?parent=263418"}],"wp:term":[{"taxonomy":"category","embeddable":true,"href":"https:\/\/worldimagingnewslatino.com\/es\/wp-json\/wp\/v2\/categories?post=263418"},{"taxonomy":"post_tag","embeddable":true,"href":"https:\/\/worldimagingnewslatino.com\/es\/wp-json\/wp\/v2\/tags?post=263418"}],"curies":[{"name":"wp","href":"https:\/\/api.w.org\/{rel}","templated":true}]}}