{"id":263410,"date":"2025-09-07T07:47:44","date_gmt":"2025-09-07T14:47:44","guid":{"rendered":"https:\/\/worldimagingnewslatino.com\/?p=263410"},"modified":"2025-09-07T07:47:44","modified_gmt":"2025-09-07T14:47:44","slug":"marta-naranowicz-lanza-programa-formacion-ia-uvgel","status":"publish","type":"post","link":"https:\/\/worldimagingnewslatino.com\/es\/marta-naranowicz-lanza-programa-formacion-ia-uvgel\/","title":{"rendered":"Marta Naranowicz lanza innovador programa de formaci\u00f3n en IA y tecnolog\u00eda UVgel"},"content":{"rendered":"<article class=\"text-token-text-primary w-full focus:outline-none scroll-mt-[calc(var(--header-height)+min(200px,max(70px,20svh)))]\" dir=\"auto\" tabindex=\"-1\" data-turn-id=\"bdc42947-eeee-4dba-9da1-8d09fb3965fa\" data-testid=\"conversation-turn-348\" data-scroll-anchor=\"false\" data-turn=\"assistant\">\n<div class=\"text-base my-auto mx-auto [--thread-content-margin:--spacing(4)] @[37rem]:[--thread-content-margin:--spacing(6)] @[72rem]:[--thread-content-margin:--spacing(16)] px-(--thread-content-margin)\">\n<div class=\"[--thread-content-max-width:32rem] @[34rem]:[--thread-content-max-width:40rem] @[64rem]:[--thread-content-max-width:48rem] mx-auto max-w-(--thread-content-max-width) flex-1 group\/turn-messages focus-visible:outline-hidden relative flex w-full min-w-0 flex-col agent-turn\" tabindex=\"-1\">\n<div class=\"flex max-w-full flex-col grow\">\n<div class=\"min-h-8 text-message relative flex w-full flex-col items-end gap-2 text-start break-words whitespace-normal [.text-message+&amp;]:mt-5\" dir=\"auto\" data-message-author-role=\"assistant\" data-message-id=\"c32d1d64-1d71-45e6-9b47-19145c250cda\" data-message-model-slug=\"gpt-4o\">\n<div class=\"flex w-full flex-col gap-1 empty:hidden first:pt-[3px]\">\n<div class=\"markdown prose dark:prose-invert w-full break-words dark markdown-new-styling\">\n<article class=\"text-token-text-primary w-full focus:outline-none scroll-mt-[calc(var(--header-height)+min(200px,max(70px,20svh)))]\" dir=\"auto\" tabindex=\"-1\" data-testid=\"conversation-turn-632\" data-scroll-anchor=\"true\" data-turn=\"assistant\">\n<div class=\"text-base my-auto mx-auto pb-10 [--thread-content-margin:--spacing(4)] @[37rem]:[--thread-content-margin:--spacing(6)] @[72rem]:[--thread-content-margin:--spacing(16)] px-(--thread-content-margin)\">\n<div class=\"[--thread-content-max-width:32rem] @[34rem]:[--thread-content-max-width:40rem] @[64rem]:[--thread-content-max-width:48rem] mx-auto max-w-(--thread-content-max-width) flex-1 group\/turn-messages focus-visible:outline-hidden relative flex w-full min-w-0 flex-col agent-turn\" tabindex=\"-1\">\n<div class=\"flex max-w-full flex-col grow\">\n<div class=\"min-h-8 text-message relative flex w-full flex-col items-end gap-2 text-start break-words whitespace-normal [.text-message+&amp;]:mt-5\" dir=\"auto\" data-message-author-role=\"assistant\" data-message-id=\"ee3bcf72-f0ce-46d9-984c-2f141b38c4c9\" data-message-model-slug=\"gpt-5\">\n<div class=\"flex w-full flex-col gap-1 empty:hidden first:pt-[3px]\">\n<div class=\"markdown prose dark:prose-invert w-full break-words dark markdown-new-styling\">\n<p data-start=\"0\" data-end=\"477\"><strong>ZIELONA G\u00d3RA | Polonia \u2013 Agosto de 2025 \u2013<\/strong> Marta Naranowicz, reconocida experta internacional en tecnolog\u00eda Canon UVgel y pionera en la aplicaci\u00f3n de inteligencia artificial en la industria del dise\u00f1o de interiores, ha lanzado su programa de formaci\u00f3n insignia. Estos cursos integran dise\u00f1o de patrones impulsado por inteligencia artificial con impresi\u00f3n profesional UVgel, abriendo nuevas oportunidades para la innovaci\u00f3n en gr\u00e1ficos de gran formato y decoraci\u00f3n de interiores.<\/p>\n<p data-start=\"479\" data-end=\"663\">\u201cNo solo ense\u00f1o a usar herramientas, ense\u00f1o una nueva forma de pensar. Muestro c\u00f3mo crear dise\u00f1os que sean hermosos, innovadores y, sobre todo, que se vendan\u201d, afirma <strong>Marta Naranowicz.<\/strong><\/p>\n<h5 data-start=\"665\" data-end=\"702\">Aspectos destacados del entrenamiento<\/h5>\n<ul>\n<li data-start=\"704\" data-end=\"850\"><strong>Fusi\u00f3n entre IA y dise\u00f1o<\/strong> \u2013 Aprende a crear patrones \u00fanicos, alineados con las \u00faltimas tendencias y adaptados a las necesidades reales del cliente.<\/li>\n<li data-start=\"852\" data-end=\"1019\"><strong>Dominio de Canon Colorado y tecnolog\u00eda UVgel<\/strong> \u2013 Aprovecha al m\u00e1ximo el potencial de la impresi\u00f3n UVgel, desde procesos automatizados hasta efectos especiales avanzados.<\/li>\n<li data-start=\"1021\" data-end=\"1165\"><strong>Visi\u00f3n empresarial<\/strong> \u2013 Descubre estrategias de venta efectivas, m\u00e9todos para optimizar tiempos y t\u00e9cnicas para destacar en un mercado competitivo.<\/li>\n<li data-start=\"1167\" data-end=\"1276\"><strong>Efectos de impresi\u00f3n exclusivos<\/strong> \u2013 Explora los acabados dorados y ne\u00f3n desarrollados exclusivamente por Marta.<\/li>\n<\/ul>\n<h5 data-start=\"1278\" data-end=\"1288\">Dirigido a<\/h5>\n<ul>\n<li>Fabricantes de papel tapiz y decoraci\u00f3n de interiores<\/li>\n<li>Estudios gr\u00e1ficos y de dise\u00f1o<\/li>\n<li>Arquitectos y dise\u00f1adores<\/li>\n<li>Distribuidores de tecnolog\u00eda de impresi\u00f3n<\/li>\n<li>Agencias creativas y emprendimientos innovadores<\/li>\n<\/ul>\n<h5 data-start=\"1502\" data-end=\"1516\">Disponibilidad<\/h5>\n<ul>\n<li data-start=\"1518\" data-end=\"1621\"><strong>Acceso online desde cualquier parte del mundo<\/strong><\/li>\n<li data-start=\"1518\" data-end=\"1621\"><strong>Licencias \u201cTrain the Trainer\u201d para socios comerciales<\/strong><\/li>\n<\/ul>\n<h5 data-start=\"1623\" data-end=\"1645\">Sobre Marta Naranowicz<\/h5>\n<p data-start=\"1647\" data-end=\"2100\" data-is-last-node=\"\" data-is-only-node=\"\">Con m\u00e1s de 20 a\u00f1os de experiencia en la industria del dise\u00f1o de interiores, Marta Naranowicz es experta en tecnolog\u00eda Canon UVgel y referente global en decoraci\u00f3n mural impulsada por inteligencia artificial. Fue la primera en desarrollar patrones de papel tapiz con efectos ne\u00f3n impresos mediante IA en la Canon Colorado y contin\u00faa colaborando con compa\u00f1\u00edas internacionales, representando a Polonia en los principales eventos del sector a nivel mundial.<\/p>\n<p><a href=\"http:\/\/www.carogroup.eu\" target=\"_blank\" rel=\"noopener\"><strong>www.carogroup.eu<\/strong><\/a><\/p>\n<p data-start=\"1400\" data-end=\"1592\"><strong><a href=\"https:\/\/worldimagingnews.com\/264682-2\/\" target=\"_blank\" rel=\"noopener\">World Imaging News<\/a><\/strong><\/p>\n<\/div>\n<\/div>\n<\/div>\n<\/div>\n<div class=\"flex min-h-[46px] justify-start\">\n<div class=\"touch:-me-2 touch:-ms-3.5 -ms-2.5 -me-1 flex flex-wrap items-center gap-y-4 p-1 select-none touch:w-[calc(100%+--spacing(3.5))] -mt-1 w-[calc(100%+--spacing(2.5))] duration-[1.5s] focus-within:transition-none hover:transition-none pointer-events-none [mask-image:linear-gradient(to_right,black_33%,transparent_66%)] [mask-size:300%_100%] [mask-position:100%_0%] motion-safe:transition-[mask-position] group-hover\/turn-messages:pointer-events-auto group-hover\/turn-messages:[mask-position:0_0] group-focus-within\/turn-messages:pointer-events-auto group-focus-within\/turn-messages:[mask-position:0_0] has-data-[state=open]:pointer-events-auto has-data-[state=open]:[mask-position:0_0]\"><\/div>\n<\/div>\n<div class=\"mt-3 w-full empty:hidden\">\n<div class=\"text-center\"><\/div>\n<\/div>\n<div class=\"aria-live=polite absolute\">\n<div class=\"flex items-center justify-center\"><span class=\"flex items-center gap-1.5 select-none\"><span class=\"sr-only whitespace-nowrap! md:not-sr-only\">Preguntar a ChatGPT<\/span><\/span><\/div>\n<\/div>\n<\/div>\n<\/div>\n<\/article>\n<div class=\"pointer-events-none h-px w-px\" aria-hidden=\"true\" data-edge=\"true\"><\/div>\n<h6 class=\"sr-only\">ChatGPT said<\/h6>\n<\/div>\n<\/div>\n<\/div>\n<\/div>\n<\/div>\n<\/div>\n<\/article>\n<h6 class=\"sr-only\">Mimaki USA announces UJV300DTF-75 printer Purpose-built for UV-DTF (direct-to-film) transfer applications<br \/>\nChatGPT s<\/h6>\n","protected":false},"excerpt":{"rendered":"<p>ZIELONA G\u00d3RA | Polonia \u2013 Agosto de 2025 \u2013 Marta Naranowicz, reconocida experta internacional en tecnolog\u00eda Canon UVgel y pionera en la aplicaci\u00f3n de inteligencia artificial en la industria del&hellip;<\/p>\n","protected":false},"author":2,"featured_media":263411,"comment_status":"open","ping_status":"open","sticky":false,"template":"","format":"standard","meta":{"_lmt_disableupdate":"no","_lmt_disable":"","cybocfi_hide_featured_image":"","footnotes":""},"categories":[1137],"tags":[550,1223],"class_list":["post-263410","post","type-post","status-publish","format-standard","has-post-thumbnail","hentry","category-education","tag-canon-uvgel","tag-marta-naranowicz"],"_links":{"self":[{"href":"https:\/\/worldimagingnewslatino.com\/es\/wp-json\/wp\/v2\/posts\/263410"}],"collection":[{"href":"https:\/\/worldimagingnewslatino.com\/es\/wp-json\/wp\/v2\/posts"}],"about":[{"href":"https:\/\/worldimagingnewslatino.com\/es\/wp-json\/wp\/v2\/types\/post"}],"author":[{"embeddable":true,"href":"https:\/\/worldimagingnewslatino.com\/es\/wp-json\/wp\/v2\/users\/2"}],"replies":[{"embeddable":true,"href":"https:\/\/worldimagingnewslatino.com\/es\/wp-json\/wp\/v2\/comments?post=263410"}],"version-history":[{"count":1,"href":"https:\/\/worldimagingnewslatino.com\/es\/wp-json\/wp\/v2\/posts\/263410\/revisions"}],"predecessor-version":[{"id":263412,"href":"https:\/\/worldimagingnewslatino.com\/es\/wp-json\/wp\/v2\/posts\/263410\/revisions\/263412"}],"wp:featuredmedia":[{"embeddable":true,"href":"https:\/\/worldimagingnewslatino.com\/es\/wp-json\/wp\/v2\/media\/263411"}],"wp:attachment":[{"href":"https:\/\/worldimagingnewslatino.com\/es\/wp-json\/wp\/v2\/media?parent=263410"}],"wp:term":[{"taxonomy":"category","embeddable":true,"href":"https:\/\/worldimagingnewslatino.com\/es\/wp-json\/wp\/v2\/categories?post=263410"},{"taxonomy":"post_tag","embeddable":true,"href":"https:\/\/worldimagingnewslatino.com\/es\/wp-json\/wp\/v2\/tags?post=263410"}],"curies":[{"name":"wp","href":"https:\/\/api.w.org\/{rel}","templated":true}]}}