{"id":262886,"date":"2025-03-19T14:03:35","date_gmt":"2025-03-19T21:03:35","guid":{"rendered":"https:\/\/worldimagingnewslatino.com\/?p=262886"},"modified":"2025-03-19T14:03:35","modified_gmt":"2025-03-19T21:03:35","slug":"vastex-lanza-dos-nuevos-secadores-de-banda-transportadora-dtf","status":"publish","type":"post","link":"https:\/\/worldimagingnewslatino.com\/es\/vastex-lanza-dos-nuevos-secadores-de-banda-transportadora-dtf\/","title":{"rendered":"Vastex lanza dos nuevos secadores de banda transportadora para DTF"},"content":{"rendered":"<article class=\"w-full text-token-text-primary focus-visible:outline-2 focus-visible:outline-offset-[-4px]\" dir=\"auto\" data-testid=\"conversation-turn-503\" data-scroll-anchor=\"true\">\n<div class=\"text-base my-auto mx-auto py-[18px] px-6\">\n<div class=\"mx-auto flex flex-1 text-base gap-4 md:gap-5 lg:gap-6 md:max-w-3xl\">\n<div class=\"group\/conversation-turn relative flex w-full min-w-0 flex-col agent-turn @xs\/thread:px-0 @sm\/thread:px-1.5 @md\/thread:px-4\">\n<div class=\"flex-col gap-1 md:gap-3\">\n<div class=\"flex max-w-full flex-col flex-grow\">\n<div class=\"min-h-8 text-message relative flex w-full flex-col items-end gap-2 whitespace-normal break-words text-start [.text-message+&amp;]:mt-5\" dir=\"auto\" data-message-author-role=\"assistant\" data-message-id=\"4f3ca70a-2701-427b-a47e-5db850e2ad24\" data-message-model-slug=\"gpt-4o\">\n<div class=\"flex w-full flex-col gap-1 empty:hidden first:pt-[3px]\">\n<div class=\"markdown prose w-full break-words dark:prose-invert dark\">\n<h5 data-start=\"203\" data-end=\"285\"><em><strong data-start=\"206\" data-end=\"283\">Innovaci\u00f3n en curado DTF con tecnolog\u00eda avanzada de extracci\u00f3n de vapores<\/strong><\/em><\/h5>\n<p data-start=\"287\" data-end=\"654\"><strong data-start=\"287\" data-end=\"327\">BETHLEHEM | Pensilvania \u2013 Marzo 2025<\/strong> \u2013 Vastex ha presentado dos nuevos secadores de banda transportadora dise\u00f1ados espec\u00edficamente para el curado de DTF (Direct-to-Film), con un enfoque en la seguridad del personal de impresi\u00f3n al reducir la exposici\u00f3n a vapores de etilenglicol, un subproducto t\u00f3xico emitido por los adhesivos DTF durante el proceso de curado.<\/p>\n<p data-start=\"656\" data-end=\"827\">Los nuevos modelos cuentan con bandas transportadoras de <strong data-start=\"713\" data-end=\"766\">24 pulgadas (61 cm) de ancho y velocidad variable<\/strong>, ofreciendo dos opciones seg\u00fan la capacidad de producci\u00f3n:<\/p>\n<ul data-start=\"828\" data-end=\"1027\">\n<li data-start=\"828\" data-end=\"915\"><strong data-start=\"830\" data-end=\"845\">ERVP-III-24<\/strong>: Potencia de 10,800 vatios, ideal para operaciones est\u00e1ndar de DTF.<\/li>\n<li data-start=\"916\" data-end=\"1027\"><strong data-start=\"918\" data-end=\"932\">ERVP-VI-24<\/strong>: Potencia de 15,600 vatios, dise\u00f1ada para velocidades de banda m\u00e1s altas y mayor producci\u00f3n.<\/li>\n<\/ul>\n<h5 data-start=\"1029\" data-end=\"1098\"><strong data-start=\"1033\" data-end=\"1096\">Sistema avanzado de flujo de aire para un curado m\u00e1s seguro<\/strong><\/h5>\n<p data-start=\"1099\" data-end=\"1495\">El modelo <strong data-start=\"1109\" data-end=\"1124\">ERVP-III-24<\/strong> ha sido desarrollado espec\u00edficamente para el curado de DTF, considerando que los adhesivos liberan grandes vol\u00famenes de glicol durante el proceso. Este secador innovador incorpora un sistema de extracci\u00f3n de aire filtrado que entra por la parte superior central de la c\u00e1mara de calor y fluye a trav\u00e9s de sus paredes dobles, asegurando un entorno de trabajo m\u00e1s seguro.<\/p>\n<p data-start=\"1497\" data-end=\"1834\">El aire precalentado reemplaza el aire extra\u00eddo en los laterales de la banda, evitando la entrada de aire no deseado en los extremos del secador, lo que podr\u00eda alterar materiales ligeros. Adem\u00e1s, el <strong data-start=\"1696\" data-end=\"1739\">volumen de aire de entrada es ajustable<\/strong>, permitiendo a los operarios optimizar el flujo de aire seg\u00fan sus necesidades de producci\u00f3n.<\/p>\n<h5 data-start=\"1836\" data-end=\"1910\"><strong data-start=\"1840\" data-end=\"1908\">Equipos de \u00faltima generaci\u00f3n para impresi\u00f3n digital y serigraf\u00eda<\/strong><\/h5>\n<p data-start=\"1911\" data-end=\"2315\">Vastex es l\u00edder en la fabricaci\u00f3n de equipos para impresi\u00f3n digital y serigraf\u00eda, incluyendo:<\/p>\n<ul>\n<li>Secadores de banda transportadora para <strong data-start=\"2048\" data-end=\"2073\">DTF, DTG y serigraf\u00eda<\/strong><\/li>\n<li>\u00a0Aplicadores de polvo DTF<\/li>\n<li>Prensas de serigraf\u00eda y sistemas de numeraci\u00f3n para ropa deportiva<\/li>\n<li>Flashes de curado y unidades de exposici\u00f3n de pantallas<\/li>\n<li>Cabinas de secado de pantallas, equipos de preprensa y estaciones de lavado<\/li>\n<\/ul>\n<p data-start=\"2317\" data-end=\"2452\">Adem\u00e1s, Vastex ofrece un <strong data-start=\"2342\" data-end=\"2376\">programa de formaci\u00f3n integral<\/strong> para impresores de todos los niveles, desde principiantes hasta expertos.<\/p>\n<p data-start=\"2454\" data-end=\"2532\"><strong>Para m\u00e1s informaci\u00f3n, visita: <a href=\"http:\/\/www.vastex.com\" target=\"_new\" rel=\"noopener\" data-start=\"2491\" data-end=\"2530\">www.vastex.com<\/a><\/strong><\/p>\n<p data-start=\"1990\" data-end=\"2056\"><strong><a href=\"https:\/\/worldimagingnews.com\/vastex-releases-two-new-dtf-conveyor-dryers\/\" target=\"_blank\" rel=\"noopener\">World Imaging News<\/a><\/strong><\/p>\n<p>&nbsp;<\/p>\n<\/div>\n<\/div>\n<\/div>\n<\/div>\n<\/div>\n<\/div>\n<\/div>\n<\/div>\n<\/article>\n","protected":false},"excerpt":{"rendered":"<p>Innovaci\u00f3n en curado DTF con tecnolog\u00eda avanzada de extracci\u00f3n de vapores BETHLEHEM | Pensilvania \u2013 Marzo 2025 \u2013 Vastex ha presentado dos nuevos secadores de banda transportadora dise\u00f1ados espec\u00edficamente para&hellip;<\/p>\n","protected":false},"author":2,"featured_media":262887,"comment_status":"open","ping_status":"open","sticky":false,"template":"","format":"standard","meta":{"_lmt_disableupdate":"no","_lmt_disable":"","cybocfi_hide_featured_image":"","footnotes":""},"categories":[527],"tags":[171,1069],"class_list":["post-262886","post","type-post","status-publish","format-standard","has-post-thumbnail","hentry","category-dtg-dtf","tag-vastex","tag-vastex-dtf-dryers"],"_links":{"self":[{"href":"https:\/\/worldimagingnewslatino.com\/es\/wp-json\/wp\/v2\/posts\/262886"}],"collection":[{"href":"https:\/\/worldimagingnewslatino.com\/es\/wp-json\/wp\/v2\/posts"}],"about":[{"href":"https:\/\/worldimagingnewslatino.com\/es\/wp-json\/wp\/v2\/types\/post"}],"author":[{"embeddable":true,"href":"https:\/\/worldimagingnewslatino.com\/es\/wp-json\/wp\/v2\/users\/2"}],"replies":[{"embeddable":true,"href":"https:\/\/worldimagingnewslatino.com\/es\/wp-json\/wp\/v2\/comments?post=262886"}],"version-history":[{"count":1,"href":"https:\/\/worldimagingnewslatino.com\/es\/wp-json\/wp\/v2\/posts\/262886\/revisions"}],"predecessor-version":[{"id":262888,"href":"https:\/\/worldimagingnewslatino.com\/es\/wp-json\/wp\/v2\/posts\/262886\/revisions\/262888"}],"wp:featuredmedia":[{"embeddable":true,"href":"https:\/\/worldimagingnewslatino.com\/es\/wp-json\/wp\/v2\/media\/262887"}],"wp:attachment":[{"href":"https:\/\/worldimagingnewslatino.com\/es\/wp-json\/wp\/v2\/media?parent=262886"}],"wp:term":[{"taxonomy":"category","embeddable":true,"href":"https:\/\/worldimagingnewslatino.com\/es\/wp-json\/wp\/v2\/categories?post=262886"},{"taxonomy":"post_tag","embeddable":true,"href":"https:\/\/worldimagingnewslatino.com\/es\/wp-json\/wp\/v2\/tags?post=262886"}],"curies":[{"name":"wp","href":"https:\/\/api.w.org\/{rel}","templated":true}]}}