{"id":262638,"date":"2024-12-18T08:51:17","date_gmt":"2024-12-18T16:51:17","guid":{"rendered":"https:\/\/worldimagingnewslatino.com\/?p=262638"},"modified":"2024-12-18T08:54:35","modified_gmt":"2024-12-18T16:54:35","slug":"mas-vertical-impresora-textil-un-nuevo-estandar-en-impresion-textil","status":"publish","type":"post","link":"https:\/\/worldimagingnewslatino.com\/es\/mas-vertical-impresora-textil-un-nuevo-estandar-en-impresion-textil\/","title":{"rendered":"Impresora Textil Vertical MAS"},"content":{"rendered":"<div class=\"elementor-element elementor-element-64b5acf elementor-widget elementor-widget-text-editor\" data-id=\"64b5acf\" data-element_type=\"widget\" data-settings=\"{&quot;ekit_we_effect_on&quot;:&quot;none&quot;}\" data-widget_type=\"text-editor.default\">\n<div class=\"elementor-widget-container\">\n<div class=\"flex max-w-full flex-col flex-grow\">\n<div class=\"min-h-8 text-message flex w-full flex-col items-end gap-2 whitespace-normal break-words text-start [.text-message+&amp;]:mt-5\" dir=\"auto\" data-message-author-role=\"assistant\" data-message-id=\"4c3e9f5b-5833-49e9-b1d3-775c25d41924\" data-message-model-slug=\"gpt-4o\">\n<div class=\"flex w-full flex-col gap-1 empty:hidden first:pt-[3px]\">\n<div class=\"markdown prose w-full break-words dark:prose-invert dark\">\n<h5><em>MAS Vertical optimiza la velocidad y el rendimiento de impresi\u00f3n al permitir imprimir ambos lados del textil con precisi\u00f3n absoluta.<\/em><\/h5>\n<p data-sourcepos=\"5:1-5:168\"><strong>SARONNO | Italia &#8211; Diciembre 2024<\/strong>&#8211; MAS, <strong><a href=\"https:\/\/worldimagingnews.com\/mas-extreme-fastest-textile-printer-with-up-to-120-print-heads\/\" target=\"_blank\" rel=\"noopener\">l\u00edder en tecnolog\u00eda de impresi\u00f3n digital<\/a><\/strong>, anuncia con entusiasmo los env\u00edos de la MAS Vertical, una soluci\u00f3n de impresi\u00f3n textil de \u00faltima generaci\u00f3n que redefine la eficiencia y la calidad en la industria<strong>.\u00a0<\/strong><\/p>\n<p data-sourcepos=\"7:1-8:104\"><strong><img fetchpriority=\"high\" decoding=\"async\" class=\"nofocus alignleft\" tabindex=\"0\" src=\"https:\/\/th.bing.com\/th\/id\/OIP.INog4sl-0qdmShH5CUjM7QHaJW?pid=ImgDet&amp;w=474&amp;h=598&amp;rs=1\" alt=\"MAS Vertical: digital textile printer\" width=\"320\" height=\"403\" aria-label=\"MAS Vertical: digital textile printer\" \/><\/strong><\/p>\n<h5><strong>Eficiencia y Calidad Mejoradas<\/strong><\/h5>\n<p>La <strong>MAS Vertical<\/strong> est\u00e1 dise\u00f1ada para transformar las operaciones de impresi\u00f3n textil al ofrecer caracter\u00edsticas clave como:<\/p>\n<ul>\n<li><strong>Impresi\u00f3n Simult\u00e1nea en Doble Cara<\/strong>: Imprima ambos lados del textil en una sola pasada, duplicando la productividad.<\/li>\n<li><strong>Im\u00e1genes de Alta Resoluci\u00f3n<\/strong>: Obtenga una calidad de impresi\u00f3n excepcional con detalles n\u00edtidos y colores vibrantes.<\/li>\n<li><strong>Operaci\u00f3n Eco-Consciente<\/strong>: Reduzca el consumo de agua y energ\u00eda, minimizando el impacto ambiental.<\/li>\n<li><strong>Interfaz Intuitiva<\/strong>: Maneje y mantenga la m\u00e1quina con facilidad gracias a un software sencillo.<\/li>\n<li><strong>Configuraci\u00f3n Vers\u00e1til<\/strong>: Ad\u00e1ptese a diferentes tipos de textiles y anchos de impresi\u00f3n para satisfacer diversas necesidades de producci\u00f3n.<\/li>\n<\/ul>\n<h5><strong>Especificaciones Clave de la MAS Vertical<\/strong><\/h5>\n<ul>\n<li><strong>Unidades de Impresi\u00f3n de Precisi\u00f3n<\/strong>: Equipadas con dos unidades de impresi\u00f3n de alto rendimiento con sistema de motor lineal.<\/li>\n<li><strong>Sistema Avanzado de Tintas<\/strong>: Circulaci\u00f3n y reposici\u00f3n de tinta eficiente para resultados \u00f3ptimos.<\/li>\n<li><strong>Sistema de Secado Eficiente<\/strong>: Tecnolog\u00eda de secado por infrarrojos (IR) y aire caliente para un secado r\u00e1pido y uniforme.<\/li>\n<li><strong>Manejo Confiable de Materiales<\/strong>: Sistemas de desenrollado y rebobinado precisos para un procesamiento fluido de la tela.<\/li>\n<\/ul>\n<h5><strong>Un Futuro M\u00e1s Productivo y Sostenible<\/strong><\/h5>\n<p>Con la <strong>MAS Vertical<\/strong>, MAS reafirma su compromiso con la innovaci\u00f3n tecnol\u00f3gica y la sostenibilidad. Al permitir impresiones en ambas caras de un textil en una sola operaci\u00f3n, esta m\u00e1quina reduce significativamente los tiempos de producci\u00f3n y el desperdicio, mientras garantiza una calidad insuperable.<\/p>\n<p>Este avance representa un cambio radical en c\u00f3mo los fabricantes pueden abordar las demandas del mercado, desde moda hasta textiles industriales, con una soluci\u00f3n que combina velocidad, precisi\u00f3n y respeto por el medio ambiente.<\/p>\n<p>\u00a1La impresi\u00f3n textil nunca volver\u00e1 a ser la misma!<\/p>\n<p data-sourcepos=\"16:1-16:39\"><strong><a href=\"http:\/\/www.mass.italy\" target=\"_blank\" rel=\"noopener\">www.mas.italy<\/a><\/strong><\/p>\n<p><strong><a href=\"https:\/\/worldimagingnews.com\/mas-vertical-textile-printer-a-new-standard-in-textile-printing\/\" target=\"_blank\" rel=\"noopener\">World Imaging News<\/a><\/strong><\/p>\n<\/div>\n<\/div>\n<\/div>\n<\/div>\n<div class=\"elementor-element elementor-element-12b9a81c e-con-full e-flex e-con e-child\" data-id=\"12b9a81c\" data-element_type=\"container\">\n<div class=\"elementor-element elementor-element-1f512760 elementor-widget elementor-widget-theme-post-content\" data-id=\"1f512760\" data-element_type=\"widget\" data-widget_type=\"theme-post-content.default\">\n<div class=\"elementor-widget-container\"><\/div>\n<\/div>\n<\/div>\n<\/div>\n<\/div>\n","protected":false},"excerpt":{"rendered":"<p>MAS Vertical optimiza la velocidad y el rendimiento de impresi\u00f3n al permitir imprimir ambos lados del textil con precisi\u00f3n absoluta. SARONNO | Italia &#8211; Diciembre 2024&#8211; MAS, l\u00edder en tecnolog\u00eda&hellip;<\/p>\n","protected":false},"author":2,"featured_media":262640,"comment_status":"open","ping_status":"open","sticky":false,"template":"","format":"standard","meta":{"_lmt_disableupdate":"no","_lmt_disable":"","cybocfi_hide_featured_image":"","footnotes":""},"categories":[1],"tags":[],"class_list":["post-262638","post","type-post","status-publish","format-standard","has-post-thumbnail","hentry","category-blog"],"_links":{"self":[{"href":"https:\/\/worldimagingnewslatino.com\/es\/wp-json\/wp\/v2\/posts\/262638"}],"collection":[{"href":"https:\/\/worldimagingnewslatino.com\/es\/wp-json\/wp\/v2\/posts"}],"about":[{"href":"https:\/\/worldimagingnewslatino.com\/es\/wp-json\/wp\/v2\/types\/post"}],"author":[{"embeddable":true,"href":"https:\/\/worldimagingnewslatino.com\/es\/wp-json\/wp\/v2\/users\/2"}],"replies":[{"embeddable":true,"href":"https:\/\/worldimagingnewslatino.com\/es\/wp-json\/wp\/v2\/comments?post=262638"}],"version-history":[{"count":2,"href":"https:\/\/worldimagingnewslatino.com\/es\/wp-json\/wp\/v2\/posts\/262638\/revisions"}],"predecessor-version":[{"id":262641,"href":"https:\/\/worldimagingnewslatino.com\/es\/wp-json\/wp\/v2\/posts\/262638\/revisions\/262641"}],"wp:featuredmedia":[{"embeddable":true,"href":"https:\/\/worldimagingnewslatino.com\/es\/wp-json\/wp\/v2\/media\/262640"}],"wp:attachment":[{"href":"https:\/\/worldimagingnewslatino.com\/es\/wp-json\/wp\/v2\/media?parent=262638"}],"wp:term":[{"taxonomy":"category","embeddable":true,"href":"https:\/\/worldimagingnewslatino.com\/es\/wp-json\/wp\/v2\/categories?post=262638"},{"taxonomy":"post_tag","embeddable":true,"href":"https:\/\/worldimagingnewslatino.com\/es\/wp-json\/wp\/v2\/tags?post=262638"}],"curies":[{"name":"wp","href":"https:\/\/api.w.org\/{rel}","templated":true}]}}